{"id":3446,"date":"2017-12-22T11:29:49","date_gmt":"2017-12-22T10:59:49","guid":{"rendered":"http:\/\/skupstinazp.ba\/Nova\/?p=3446"},"modified":"2017-12-22T11:29:49","modified_gmt":"2017-12-22T10:59:49","slug":"zakazana-xix-sjednica-skupstine-zupanije-posavske","status":"publish","type":"post","link":"https:\/\/skupstinazp.ba\/new\/zakazana-xix-sjednica-skupstine-zupanije-posavske\/","title":{"rendered":"ZAKAZANA XIX. SJEDNICA SKUP\u0160TINE \u017dUPANIJE POSAVSKE"},"content":{"rendered":"<p style=\"font-weight: 400;\">DOMALJEVAC \u2013 22.12.2017. godine u Skup\u0161tini \u017dupanije Posavske odr\u017eana je XXVI. sjednica Kolegija Skup\u0161tine. Na sjednici je utvr\u0111en\u00a0datum i vrijeme odr\u017eavanja kao i Prijedlog dnevnog reda XIX. sjednice Skup\u0161tine \u017dupanije Posavske.<\/p>\n<p style=\"font-weight: 400;\">Sjednica Skup\u0161tine \u0107e biti odr\u017eana 29. prosinca 2017. godine (petak) u 9,00 sati u\u00a0dvorani za sjednice Skup\u0161tine \u017dupanije Posavske u Domaljevcu, a sjednice radnih tijela odr\u017eat \u0107e se u \u010detvrtak 28. prosinca 2017. godine.<\/p>\n<p style=\"font-weight: 400;\">Kolegij Skup\u0161tine utvrdio je slijede\u0107i Prijedlog dnevnog reda za XIX. sjednicu Skup\u0161tine \u017dupanije Posavske:<\/p>\n<ol style=\"font-weight: 400;\">\n<li>Prijedlog Prora\u010duna \u017dupanije Posavske za 2018. godinu<\/li>\n<li>Prijedlog zakona o izvr\u0161avanju Prora\u010duna \u017dupanije Posavske za 2018. godinu<\/li>\n<li>Prijedlog zakona o dopunama Zakona o koncesijama<\/li>\n<\/ol>\n<p style=\"font-weight: 400; text-align: right;\">\u00a0\u00a0\u00a0\u00a0\u00a0\u00a0\u00a0\u00a0\u00a0\u00a0\u00a0\u00a0\u00a0\u00a0\u00a0\u00a0\u00a0\u00a0\u00a0\u00a0\u00a0\u00a0\u00a0\u00a0\u00a0\u00a0\u00a0\u00a0\u00a0\u00a0\u00a0\u00a0\u00a0\u00a0\u00a0\u00a0\u00a0\u00a0\u00a0\u00a0\u00a0\u00a0\u00a0\u00a0\u00a0\u00a0\u00a0\u00a0\u00a0\u00a0\u00a0\u00a0\u00a0\u00a0\u00a0\u00a0\u00a0\u00a0\u00a0\u00a0\u00a0\u00a0\u00a0\u00a0\u00a0\u00a0\u00a0\u00a0\u00a0\u00a0\u00a0\u00a0\u00a0\u00a0\u00a0\u00a0\u00a0\u00a0\u00a0\u00a0\u00a0 Stru\u010dna slu\u017eba Skup\u0161tine<\/p>\n","protected":false},"excerpt":{"rendered":"<p>DOMALJEVAC \u2013 22.12.2017. godine u Skup\u0161tini \u017dupanije Posavske odr\u017eana je XXVI. sjednica Kolegija Skup\u0161tine. Na sjednici je utvr\u0111en\u00a0datum i vrijeme odr\u017eavanja kao i Prijedlog dnevnog reda XIX. sjednice Skup\u0161tine \u017dupanije Posavske. Sjednica Skup\u0161tine \u0107e biti odr\u017eana 29. prosinca 2017. godine (petak) u 9,00 sati u\u00a0dvorani za sjednice Skup\u0161tine \u017dupanije Posavske u Domaljevcu, a sjednice radnih &hellip;<br \/><a href=\"https:\/\/skupstinazp.ba\/new\/zakazana-xix-sjednica-skupstine-zupanije-posavske\/\" class=\"more-link pen_button pen_element_default pen_icon_arrow_double\">Nastavite \u010ditati <span class=\"screen-reader-text\">ZAKAZANA XIX. SJEDNICA SKUP\u0160TINE \u017dUPANIJE POSAVSKE<\/span><\/a><\/p>\n","protected":false},"author":2,"featured_media":2958,"comment_status":"closed","ping_status":"closed","sticky":false,"template":"","format":"standard","meta":{"footnotes":""},"categories":[2,3],"tags":[],"class_list":["post-3446","post","type-post","status-publish","format-standard","has-post-thumbnail","hentry","category-novosti","category-obavijesti"],"_links":{"self":[{"href":"https:\/\/skupstinazp.ba\/new\/wp-json\/wp\/v2\/posts\/3446","targetHints":{"allow":["GET"]}}],"collection":[{"href":"https:\/\/skupstinazp.ba\/new\/wp-json\/wp\/v2\/posts"}],"about":[{"href":"https:\/\/skupstinazp.ba\/new\/wp-json\/wp\/v2\/types\/post"}],"author":[{"embeddable":true,"href":"https:\/\/skupstinazp.ba\/new\/wp-json\/wp\/v2\/users\/2"}],"replies":[{"embeddable":true,"href":"https:\/\/skupstinazp.ba\/new\/wp-json\/wp\/v2\/comments?post=3446"}],"version-history":[{"count":0,"href":"https:\/\/skupstinazp.ba\/new\/wp-json\/wp\/v2\/posts\/3446\/revisions"}],"wp:featuredmedia":[{"embeddable":true,"href":"https:\/\/skupstinazp.ba\/new\/wp-json\/wp\/v2\/media\/2958"}],"wp:attachment":[{"href":"https:\/\/skupstinazp.ba\/new\/wp-json\/wp\/v2\/media?parent=3446"}],"wp:term":[{"taxonomy":"category","embeddable":true,"href":"https:\/\/skupstinazp.ba\/new\/wp-json\/wp\/v2\/categories?post=3446"},{"taxonomy":"post_tag","embeddable":true,"href":"https:\/\/skupstinazp.ba\/new\/wp-json\/wp\/v2\/tags?post=3446"}],"curies":[{"name":"wp","href":"https:\/\/api.w.org\/{rel}","templated":true}]}}