{"id":3456,"date":"2018-02-12T22:05:01","date_gmt":"2018-02-12T21:35:01","guid":{"rendered":"http:\/\/skupstinazp.ba\/Nova\/?p=3456"},"modified":"2018-02-12T22:05:01","modified_gmt":"2018-02-12T21:35:01","slug":"zakazana-xx-sjednica-skupstine-zupanije-posavske","status":"publish","type":"post","link":"https:\/\/skupstinazp.ba\/new\/zakazana-xx-sjednica-skupstine-zupanije-posavske\/","title":{"rendered":"ZAKAZANA XX. SJEDNICA SKUP\u0160TINE \u017dUPANIJE POSAVSKE"},"content":{"rendered":"<p style=\"font-weight: 400;\">DOMALJEVAC \u2013 09.02.2018. godine u Skup\u0161tini \u017dupanije Posavske odr\u017eana je XXVII. sjednica Kolegija Skup\u0161tine. Na sjednici je utvr\u0111en\u00a0datum i vrijeme odr\u017eavanja kao i Prijedlog dnevnog reda XX. sjednice Skup\u0161tine \u017dupanije Posavske.<\/p>\n<p style=\"font-weight: 400;\">Sjednica Skup\u0161tine \u0107e biti odr\u017eana 21. velja\u010de 2018. godine (srijeda) u 10,00 sati u\u00a0dvorani za sjednice Skup\u0161tine \u017dupanije Posavske u Domaljevcu, a sjednice radnih tijela odr\u017eat \u0107e se u ponedjeljak 19. velja\u010de 2018. godine.<\/p>\n<p style=\"font-weight: 400;\">Kolegij Skup\u0161tine utvrdio je slijede\u0107i Prijedlog dnevnog reda za XX. sjednicu Skup\u0161tine \u017dupanije Posavske:<\/p>\n<ol style=\"font-weight: 400;\">\n<li>Izvje\u0161\u0107e o radu Skup\u0161tine \u017dupanije Posavske za 2017. godinu<\/li>\n<li>Prijedlog zakona o muzejima<\/li>\n<li>Informacija o radu Kantonalnog tu\u017eiteljstva Posavskog kantona Ora\u0161je za 2017.god.<\/li>\n<li>Informacija o radu Kantonalnog suda u Od\u017eaku za 2017. godinu<\/li>\n<li>Informacija o radu Op\u0107inskog suda u Ora\u0161ju za 2017. godinu<\/li>\n<\/ol>\n<p style=\"font-weight: 400; text-align: right;\">Stru\u010dna slu\u017eba Skup\u0161tine<\/p>\n","protected":false},"excerpt":{"rendered":"<p>DOMALJEVAC \u2013 09.02.2018. godine u Skup\u0161tini \u017dupanije Posavske odr\u017eana je XXVII. sjednica Kolegija Skup\u0161tine. Na sjednici je utvr\u0111en\u00a0datum i vrijeme odr\u017eavanja kao i Prijedlog dnevnog reda XX. sjednice Skup\u0161tine \u017dupanije Posavske. Sjednica Skup\u0161tine \u0107e biti odr\u017eana 21. velja\u010de 2018. godine (srijeda) u 10,00 sati u\u00a0dvorani za sjednice Skup\u0161tine \u017dupanije Posavske u Domaljevcu, a sjednice radnih &hellip;<br \/><a href=\"https:\/\/skupstinazp.ba\/new\/zakazana-xx-sjednica-skupstine-zupanije-posavske\/\" class=\"more-link pen_button pen_element_default pen_icon_arrow_double\">Nastavite \u010ditati <span class=\"screen-reader-text\">ZAKAZANA XX. SJEDNICA SKUP\u0160TINE \u017dUPANIJE POSAVSKE<\/span><\/a><\/p>\n","protected":false},"author":2,"featured_media":2955,"comment_status":"closed","ping_status":"closed","sticky":false,"template":"","format":"standard","meta":{"footnotes":""},"categories":[2,3],"tags":[],"class_list":["post-3456","post","type-post","status-publish","format-standard","has-post-thumbnail","hentry","category-novosti","category-obavijesti"],"_links":{"self":[{"href":"https:\/\/skupstinazp.ba\/new\/wp-json\/wp\/v2\/posts\/3456","targetHints":{"allow":["GET"]}}],"collection":[{"href":"https:\/\/skupstinazp.ba\/new\/wp-json\/wp\/v2\/posts"}],"about":[{"href":"https:\/\/skupstinazp.ba\/new\/wp-json\/wp\/v2\/types\/post"}],"author":[{"embeddable":true,"href":"https:\/\/skupstinazp.ba\/new\/wp-json\/wp\/v2\/users\/2"}],"replies":[{"embeddable":true,"href":"https:\/\/skupstinazp.ba\/new\/wp-json\/wp\/v2\/comments?post=3456"}],"version-history":[{"count":0,"href":"https:\/\/skupstinazp.ba\/new\/wp-json\/wp\/v2\/posts\/3456\/revisions"}],"wp:featuredmedia":[{"embeddable":true,"href":"https:\/\/skupstinazp.ba\/new\/wp-json\/wp\/v2\/media\/2955"}],"wp:attachment":[{"href":"https:\/\/skupstinazp.ba\/new\/wp-json\/wp\/v2\/media?parent=3456"}],"wp:term":[{"taxonomy":"category","embeddable":true,"href":"https:\/\/skupstinazp.ba\/new\/wp-json\/wp\/v2\/categories?post=3456"},{"taxonomy":"post_tag","embeddable":true,"href":"https:\/\/skupstinazp.ba\/new\/wp-json\/wp\/v2\/tags?post=3456"}],"curies":[{"name":"wp","href":"https:\/\/api.w.org\/{rel}","templated":true}]}}