{"id":3483,"date":"2018-05-15T08:05:45","date_gmt":"2018-05-15T07:35:45","guid":{"rendered":"http:\/\/skupstinazp.ba\/Nova\/?p=3483"},"modified":"2018-05-15T08:05:45","modified_gmt":"2018-05-15T07:35:45","slug":"zakazana-xxi-sjednica-skupstine-zupanije-posavske-2","status":"publish","type":"post","link":"https:\/\/skupstinazp.ba\/new\/zakazana-xxi-sjednica-skupstine-zupanije-posavske-2\/","title":{"rendered":"ZAKAZANA XXI. SJEDNICA SKUP\u0160TINE \u017dUPANIJE POSAVSKE"},"content":{"rendered":"<p>DOMALJEVAC \u2013 14.05.2018. godine u Skup\u0161tini \u017dupanije Posavske odr\u017eana je XXVIII. sjednica Kolegija Skup\u0161tine. Na sjednici je utvr\u0111en datum i vrijeme odr\u017eavanja kao i Prijedlog dnevnog reda XXI. sjednice Skup\u0161tine \u017dupanije Posavske.<\/p>\n<p>Sjednica Skup\u0161tine \u0107e biti odr\u017eana 22. svibnja 2018. godine (utorak) u 9,00 sati u dvorani za sjednice Skup\u0161tine \u017dupanije Posavske u Domaljevcu, a sjednice radnih tijela odr\u017eat \u0107e se u ponedjeljak 21. svibnja 2018. godine.<\/p>\n<p>Kolegij Skup\u0161tine utvrdio je slijede\u0107i Prijedlog dnevnog reda za XXI. sjednicu Skup\u0161tine \u017dupanije Posavske:<\/p>\n<ol>\n<li>Izvje\u0161\u0107e o radu Vlade \u017dupanije Posavske za 2017. godinu<\/li>\n<li>Izvje\u0161\u0107e o izvr\u0161enju Prora\u010duna \u017dupanije Posavske za 2017. godinu<\/li>\n<li>Izvje\u0161\u0107e o utro\u0161ku teku\u0107ih pri\u010duva Prora\u010duna \u017dupanije Posavske za 2017. godinu<\/li>\n<li>Izvje\u0161\u0107e o radu Neovisnog odbora za izbor i reviziju za 2017. godinu<\/li>\n<li>Informacija o Financijskom planu Zavoda zdravstvenog osiguranja \u017dupanije Posavske za 2018. godinu<\/li>\n<li>Zaklju\u010dak o Mi\u0161ljenju na Prednacrt zakona o izmjenama i dopunama Zakona o\u00a0 posredovanju u zapo\u0161ljavanju i socijalnoj sigurnosati nezaposlenih osoba<\/li>\n<li>Zaklju\u010dak o Mi\u0161ljenju na Nacrt Strategije zapo\u0161ljavanja Federacije BiH (2018-2021)<\/li>\n<\/ol>\n<p style=\"text-align: right;\">\u00a0\u00a0\u00a0\u00a0\u00a0\u00a0\u00a0\u00a0\u00a0\u00a0\u00a0\u00a0\u00a0\u00a0\u00a0\u00a0\u00a0\u00a0\u00a0\u00a0\u00a0\u00a0\u00a0\u00a0\u00a0\u00a0\u00a0\u00a0\u00a0\u00a0\u00a0\u00a0\u00a0\u00a0\u00a0\u00a0\u00a0\u00a0\u00a0\u00a0\u00a0\u00a0\u00a0\u00a0\u00a0\u00a0\u00a0\u00a0\u00a0\u00a0\u00a0\u00a0\u00a0\u00a0\u00a0\u00a0\u00a0\u00a0\u00a0\u00a0\u00a0\u00a0\u00a0\u00a0\u00a0\u00a0\u00a0\u00a0\u00a0\u00a0\u00a0\u00a0\u00a0\u00a0\u00a0\u00a0\u00a0\u00a0\u00a0\u00a0\u00a0 Stru\u010dna slu\u017eba Skup\u0161tine<\/p>\n","protected":false},"excerpt":{"rendered":"<p>DOMALJEVAC \u2013 14.05.2018. godine u Skup\u0161tini \u017dupanije Posavske odr\u017eana je XXVIII. sjednica Kolegija Skup\u0161tine. Na sjednici je utvr\u0111en datum i vrijeme odr\u017eavanja kao i Prijedlog dnevnog reda XXI. sjednice Skup\u0161tine \u017dupanije Posavske. Sjednica Skup\u0161tine \u0107e biti odr\u017eana 22. svibnja 2018. godine (utorak) u 9,00 sati u dvorani za sjednice Skup\u0161tine \u017dupanije Posavske u Domaljevcu, a &hellip;<br \/><a href=\"https:\/\/skupstinazp.ba\/new\/zakazana-xxi-sjednica-skupstine-zupanije-posavske-2\/\" class=\"more-link pen_button pen_element_default pen_icon_arrow_double\">Nastavite \u010ditati <span class=\"screen-reader-text\">ZAKAZANA XXI. SJEDNICA SKUP\u0160TINE \u017dUPANIJE POSAVSKE<\/span><\/a><\/p>\n","protected":false},"author":2,"featured_media":2961,"comment_status":"closed","ping_status":"closed","sticky":false,"template":"","format":"standard","meta":{"footnotes":""},"categories":[2,3],"tags":[],"class_list":["post-3483","post","type-post","status-publish","format-standard","has-post-thumbnail","hentry","category-novosti","category-obavijesti"],"_links":{"self":[{"href":"https:\/\/skupstinazp.ba\/new\/wp-json\/wp\/v2\/posts\/3483","targetHints":{"allow":["GET"]}}],"collection":[{"href":"https:\/\/skupstinazp.ba\/new\/wp-json\/wp\/v2\/posts"}],"about":[{"href":"https:\/\/skupstinazp.ba\/new\/wp-json\/wp\/v2\/types\/post"}],"author":[{"embeddable":true,"href":"https:\/\/skupstinazp.ba\/new\/wp-json\/wp\/v2\/users\/2"}],"replies":[{"embeddable":true,"href":"https:\/\/skupstinazp.ba\/new\/wp-json\/wp\/v2\/comments?post=3483"}],"version-history":[{"count":0,"href":"https:\/\/skupstinazp.ba\/new\/wp-json\/wp\/v2\/posts\/3483\/revisions"}],"wp:featuredmedia":[{"embeddable":true,"href":"https:\/\/skupstinazp.ba\/new\/wp-json\/wp\/v2\/media\/2961"}],"wp:attachment":[{"href":"https:\/\/skupstinazp.ba\/new\/wp-json\/wp\/v2\/media?parent=3483"}],"wp:term":[{"taxonomy":"category","embeddable":true,"href":"https:\/\/skupstinazp.ba\/new\/wp-json\/wp\/v2\/categories?post=3483"},{"taxonomy":"post_tag","embeddable":true,"href":"https:\/\/skupstinazp.ba\/new\/wp-json\/wp\/v2\/tags?post=3483"}],"curies":[{"name":"wp","href":"https:\/\/api.w.org\/{rel}","templated":true}]}}