{"id":3501,"date":"2018-07-03T07:21:54","date_gmt":"2018-07-03T06:51:54","guid":{"rendered":"http:\/\/skupstinazp.ba\/Nova\/?p=3501"},"modified":"2018-07-03T07:21:54","modified_gmt":"2018-07-03T06:51:54","slug":"zakazana-xxii-sjednica-skupstine-zupanije-posavske-2","status":"publish","type":"post","link":"https:\/\/skupstinazp.ba\/new\/zakazana-xxii-sjednica-skupstine-zupanije-posavske-2\/","title":{"rendered":"ZAKAZANA XXII. SJEDNICA SKUP\u0160TINE \u017dUPANIJE POSAVSKE"},"content":{"rendered":"<p>DOMALJEVAC \u2013 02.07.2018. godine u Skup\u0161tini \u017dupanije Posavske odr\u017eana je XXIX. sjednica Kolegija Skup\u0161tine. Na sjednici je utvr\u0111en datum i vrijeme odr\u017eavanja kao i Prijedlog dnevnog reda XXII. sjednice Skup\u0161tine \u017dupanije Posavske.<\/p>\n<p>Sjednica Skup\u0161tine \u0107e biti odr\u017eana 10. srpnja 2018. godine (utorak) u 9,00 sati u dvorani za sjednice Skup\u0161tine \u017dupanije Posavske u Domaljevcu, a sjednice radnih tijela odr\u017eat \u0107e se u ponedjeljak 9. srpnja 2018. godine.<\/p>\n<p>Kolegij Skup\u0161tine utvrdio je slijede\u0107i Prijedlog dnevnog reda za XXII. sjednicu Skup\u0161tine \u017dupanije Posavske:<\/p>\n<ol>\n<li>Prijedlog zakona o oru\u017eju i streljivu<\/li>\n<li>Prijedlog odluke o razrje\u0161enju \u010dlana Odbora za gospodarstvo, financije i prora\u010dun<\/li>\n<li>Prijedlog odluke o imenovanju \u010dlana Odbora za gospodarstvo, financije i prora\u010dun<\/li>\n<li>Izvje\u0161\u0107e o radu i financijskom poslovanju \u017dupanijske bolnice za 2017. g.<\/li>\n<li>Plan i program rada \u017dupanijske bolnice za 2018. g.<\/li>\n<li>Informacija o Izvje\u0161\u0107u o radu Zavoda zdravstvenog osiguranja za 2017. g.<\/li>\n<li>Informacija o Programu rada Zavoda zdravstvenog osiguranja za 2018. g.<\/li>\n<li>Informacija o Izvje\u0161\u0107u o radu Zavoda za javno zdravstvo za 2017. g.<\/li>\n<li>Informacija o Programu rada Zavoda za javno zdravstvo za 2018. g.<\/li>\n<li>Informacija o Izvje\u0161\u0107u o radu \u017dupanijske uprave civilne za\u0161tite za 2017. g.<\/li>\n<li>Informacija o Programu rada \u017dupanijske uprave civilne za\u0161tite za 2018. g.<\/li>\n<li>Informacija o Izvje\u0161\u0107u o radu \u017dupanijske uprave\u00a0 za inspekcijske poslove\u00a0 za 2017.g.<\/li>\n<li>Informacija o Programu rada \u017dupanijske uprave\u00a0 za inspekcijske poslove\u00a0 za 2018.g.<\/li>\n<li>Informacija o Izvje\u0161\u0107u o radu Slu\u017ebe za upo\u0161ljavanje \u017dupanije Posavske za 2017. g.<\/li>\n<li>Informacija o Programu rada Slu\u017ebe za upo\u0161ljavanje \u017dupanije Posavske za 2018. g.<\/li>\n<\/ol>\n<p style=\"text-align: right;\">\u00a0\u00a0\u00a0\u00a0\u00a0\u00a0\u00a0\u00a0\u00a0\u00a0\u00a0\u00a0\u00a0\u00a0\u00a0\u00a0\u00a0\u00a0\u00a0\u00a0\u00a0\u00a0\u00a0\u00a0\u00a0\u00a0\u00a0\u00a0\u00a0\u00a0\u00a0\u00a0\u00a0\u00a0\u00a0\u00a0\u00a0\u00a0\u00a0\u00a0\u00a0\u00a0\u00a0\u00a0\u00a0\u00a0\u00a0\u00a0\u00a0\u00a0\u00a0\u00a0\u00a0\u00a0\u00a0\u00a0\u00a0\u00a0\u00a0\u00a0\u00a0\u00a0\u00a0\u00a0\u00a0\u00a0\u00a0\u00a0\u00a0\u00a0\u00a0\u00a0\u00a0\u00a0\u00a0\u00a0\u00a0\u00a0\u00a0\u00a0\u00a0 Stru\u010dna slu\u017eba Skup\u0161tine<\/p>\n","protected":false},"excerpt":{"rendered":"<p>DOMALJEVAC \u2013 02.07.2018. godine u Skup\u0161tini \u017dupanije Posavske odr\u017eana je XXIX. sjednica Kolegija Skup\u0161tine. Na sjednici je utvr\u0111en datum i vrijeme odr\u017eavanja kao i Prijedlog dnevnog reda XXII. sjednice Skup\u0161tine \u017dupanije Posavske. Sjednica Skup\u0161tine \u0107e biti odr\u017eana 10. srpnja 2018. godine (utorak) u 9,00 sati u dvorani za sjednice Skup\u0161tine \u017dupanije Posavske u Domaljevcu, a &hellip;<br \/><a href=\"https:\/\/skupstinazp.ba\/new\/zakazana-xxii-sjednica-skupstine-zupanije-posavske-2\/\" class=\"more-link pen_button pen_element_default pen_icon_arrow_double\">Nastavite \u010ditati <span class=\"screen-reader-text\">ZAKAZANA XXII. SJEDNICA SKUP\u0160TINE \u017dUPANIJE POSAVSKE<\/span><\/a><\/p>\n","protected":false},"author":2,"featured_media":2962,"comment_status":"closed","ping_status":"closed","sticky":false,"template":"","format":"standard","meta":{"footnotes":""},"categories":[2,3],"tags":[],"class_list":["post-3501","post","type-post","status-publish","format-standard","has-post-thumbnail","hentry","category-novosti","category-obavijesti"],"_links":{"self":[{"href":"https:\/\/skupstinazp.ba\/new\/wp-json\/wp\/v2\/posts\/3501","targetHints":{"allow":["GET"]}}],"collection":[{"href":"https:\/\/skupstinazp.ba\/new\/wp-json\/wp\/v2\/posts"}],"about":[{"href":"https:\/\/skupstinazp.ba\/new\/wp-json\/wp\/v2\/types\/post"}],"author":[{"embeddable":true,"href":"https:\/\/skupstinazp.ba\/new\/wp-json\/wp\/v2\/users\/2"}],"replies":[{"embeddable":true,"href":"https:\/\/skupstinazp.ba\/new\/wp-json\/wp\/v2\/comments?post=3501"}],"version-history":[{"count":0,"href":"https:\/\/skupstinazp.ba\/new\/wp-json\/wp\/v2\/posts\/3501\/revisions"}],"wp:featuredmedia":[{"embeddable":true,"href":"https:\/\/skupstinazp.ba\/new\/wp-json\/wp\/v2\/media\/2962"}],"wp:attachment":[{"href":"https:\/\/skupstinazp.ba\/new\/wp-json\/wp\/v2\/media?parent=3501"}],"wp:term":[{"taxonomy":"category","embeddable":true,"href":"https:\/\/skupstinazp.ba\/new\/wp-json\/wp\/v2\/categories?post=3501"},{"taxonomy":"post_tag","embeddable":true,"href":"https:\/\/skupstinazp.ba\/new\/wp-json\/wp\/v2\/tags?post=3501"}],"curies":[{"name":"wp","href":"https:\/\/api.w.org\/{rel}","templated":true}]}}