{"id":3570,"date":"2018-12-14T10:52:12","date_gmt":"2018-12-14T10:22:12","guid":{"rendered":"http:\/\/skupstinazp.ba\/Nova\/?p=3570"},"modified":"2018-12-14T10:52:12","modified_gmt":"2018-12-14T10:22:12","slug":"i","status":"publish","type":"post","link":"https:\/\/skupstinazp.ba\/new\/i\/","title":{"rendered":"PRIOP\u0106ENJE ZA JAVNOST S I.  IZVANREDNE SJEDNICE SKUP\u0160TINE \u017dUPANIJE POSAVSKE"},"content":{"rendered":"<p>DOMALJEVAC \u2013 Skup\u0161tina \u017dupanije Posavske, na I. izvanrednoj sjednici, odr\u017eanoj 13.12.2018. godine razmatrala je i usvojila Izmjene i dopune Prora\u010duna \u017dupanije Posavske za 2018. godinu.<\/p>\n<p>Razloge za izmjene i dopune Prora\u010duna \u017dupanije Posavske za 2018. godinu pojasnio je Marijan Klai\u0107 \u2013 predsjednik Vlade \u017dupanije Posavske, kazav\u0161i da je Vlada prije nekoliko dana dobila redefiniranu projekciju poreznih prihoda koji zna\u010dajno odstupaju od projekcija u ovogodi\u0161njem prora\u010dunu koji je donesen krajem 2017. godine, zbog \u010dega su potrebne izmjene, a drugi razlog je \u0161to do kraja ove godine treba donijeti i Prora\u010dun za 2019.godinu, budu\u0107i je preostalo vrlo malo vremena u teku\u0107oj godini bilo je nu\u017eno i\u0107i na izvanredno zasjedanje Skup\u0161tine.<\/p>\n<p>Stru\u010dna slu\u017eba Skup\u0161tine<\/p>\n<p>Slijedi audio zapis:<\/p>\n<p><script type=\"text\/javascript\">var zippywww=\"90\";var zippyfile=\"6f4zWKug\";var zippytext=\"#000000\";var zippyback=\"#e8e8e8\";var zippyplay=\"#ff6600\";var zippywidth=850;var zippyauto=false;var zippyvol=80;var zippywave = \"#000000\";var zippyborder = \"#cccccc\";<\/script><script type=\"text\/javascript\" src=\"\/\/api.zippyshare.com\/api\/embed_new.js\"><\/script><\/p>\n","protected":false},"excerpt":{"rendered":"<p>DOMALJEVAC \u2013 Skup\u0161tina \u017dupanije Posavske, na I. izvanrednoj sjednici, odr\u017eanoj 13.12.2018. godine razmatrala je i usvojila Izmjene i dopune Prora\u010duna \u017dupanije Posavske za 2018. godinu. Razloge za izmjene i dopune Prora\u010duna \u017dupanije Posavske za 2018. godinu pojasnio je Marijan Klai\u0107 \u2013 predsjednik Vlade \u017dupanije Posavske, kazav\u0161i da je Vlada prije nekoliko dana dobila redefiniranu projekciju &hellip;<br \/><a href=\"https:\/\/skupstinazp.ba\/new\/i\/\" class=\"more-link pen_button pen_element_default pen_icon_arrow_double\">Nastavite \u010ditati <span class=\"screen-reader-text\">PRIOP\u0106ENJE ZA JAVNOST S I.  IZVANREDNE SJEDNICE SKUP\u0160TINE \u017dUPANIJE POSAVSKE<\/span><\/a><\/p>\n","protected":false},"author":2,"featured_media":3528,"comment_status":"closed","ping_status":"closed","sticky":false,"template":"","format":"standard","meta":{"footnotes":""},"categories":[2],"tags":[],"class_list":["post-3570","post","type-post","status-publish","format-standard","has-post-thumbnail","hentry","category-novosti"],"_links":{"self":[{"href":"https:\/\/skupstinazp.ba\/new\/wp-json\/wp\/v2\/posts\/3570","targetHints":{"allow":["GET"]}}],"collection":[{"href":"https:\/\/skupstinazp.ba\/new\/wp-json\/wp\/v2\/posts"}],"about":[{"href":"https:\/\/skupstinazp.ba\/new\/wp-json\/wp\/v2\/types\/post"}],"author":[{"embeddable":true,"href":"https:\/\/skupstinazp.ba\/new\/wp-json\/wp\/v2\/users\/2"}],"replies":[{"embeddable":true,"href":"https:\/\/skupstinazp.ba\/new\/wp-json\/wp\/v2\/comments?post=3570"}],"version-history":[{"count":0,"href":"https:\/\/skupstinazp.ba\/new\/wp-json\/wp\/v2\/posts\/3570\/revisions"}],"wp:featuredmedia":[{"embeddable":true,"href":"https:\/\/skupstinazp.ba\/new\/wp-json\/wp\/v2\/media\/3528"}],"wp:attachment":[{"href":"https:\/\/skupstinazp.ba\/new\/wp-json\/wp\/v2\/media?parent=3570"}],"wp:term":[{"taxonomy":"category","embeddable":true,"href":"https:\/\/skupstinazp.ba\/new\/wp-json\/wp\/v2\/categories?post=3570"},{"taxonomy":"post_tag","embeddable":true,"href":"https:\/\/skupstinazp.ba\/new\/wp-json\/wp\/v2\/tags?post=3570"}],"curies":[{"name":"wp","href":"https:\/\/api.w.org\/{rel}","templated":true}]}}