{"id":3581,"date":"2018-12-24T22:10:03","date_gmt":"2018-12-24T21:40:03","guid":{"rendered":"http:\/\/skupstinazp.ba\/Nova\/?p=3581"},"modified":"2018-12-24T22:10:03","modified_gmt":"2018-12-24T21:40:03","slug":"3581-2","status":"publish","type":"post","link":"https:\/\/skupstinazp.ba\/new\/3581-2\/","title":{"rendered":"\u010cESTITKA ZA BO\u017dI\u0106 I NOVU 2019. GODINU"},"content":{"rendered":"<p style=\"text-align: center;\"><img loading=\"lazy\" decoding=\"async\" class=\"aligncenter size-large wp-image-3582\" src=\"https:\/\/skupstinazp.ba\/new\/wp-content\/uploads\/2018\/12\/bozicna-cestitka-1024x640.jpg\" alt=\"\" width=\"640\" height=\"400\" srcset=\"https:\/\/skupstinazp.ba\/new\/wp-content\/uploads\/2018\/12\/bozicna-cestitka-1024x640.jpg 1024w, https:\/\/skupstinazp.ba\/new\/wp-content\/uploads\/2018\/12\/bozicna-cestitka-300x188.jpg 300w, https:\/\/skupstinazp.ba\/new\/wp-content\/uploads\/2018\/12\/bozicna-cestitka-768x480.jpg 768w, https:\/\/skupstinazp.ba\/new\/wp-content\/uploads\/2018\/12\/bozicna-cestitka-1536x960.jpg 1536w, https:\/\/skupstinazp.ba\/new\/wp-content\/uploads\/2018\/12\/bozicna-cestitka-1568x980.jpg 1568w, https:\/\/skupstinazp.ba\/new\/wp-content\/uploads\/2018\/12\/bozicna-cestitka.jpg 1920w\" sizes=\"auto, (max-width: 640px) 100vw, 640px\" \/><\/p>\n<p style=\"text-align: center;\">Svim vjernicima koji slave Kristovo ro\u0111enje \u017eelimo \u010destit i radostan Bo\u017ei\u0107,<\/p>\n<p style=\"text-align: center;\">a \u017eiteljima \u017dupanije Posavske sretnu i blagoslovljenu 2019. godinu.<\/p>\n<p style=\"text-align: center;\"><strong>Predsjednik<\/strong><\/p>\n<p style=\"text-align: center;\">Bla\u017e \u017dupari\u0107<\/p>\n<p style=\"text-align: center;\"><strong>Zamjenik predsjednika<\/strong><\/p>\n<p style=\"text-align: center;\">Mujo Puzi\u0107<\/p>\n","protected":false},"excerpt":{"rendered":"<p>Svim vjernicima koji slave Kristovo ro\u0111enje \u017eelimo \u010destit i radostan Bo\u017ei\u0107, a \u017eiteljima \u017dupanije Posavske sretnu i blagoslovljenu 2019. godinu. Predsjednik Bla\u017e \u017dupari\u0107 Zamjenik predsjednika Mujo Puzi\u0107<\/p>\n","protected":false},"author":2,"featured_media":3584,"comment_status":"closed","ping_status":"closed","sticky":false,"template":"","format":"standard","meta":{"footnotes":""},"categories":[2,3],"tags":[],"class_list":["post-3581","post","type-post","status-publish","format-standard","has-post-thumbnail","hentry","category-novosti","category-obavijesti"],"_links":{"self":[{"href":"https:\/\/skupstinazp.ba\/new\/wp-json\/wp\/v2\/posts\/3581","targetHints":{"allow":["GET"]}}],"collection":[{"href":"https:\/\/skupstinazp.ba\/new\/wp-json\/wp\/v2\/posts"}],"about":[{"href":"https:\/\/skupstinazp.ba\/new\/wp-json\/wp\/v2\/types\/post"}],"author":[{"embeddable":true,"href":"https:\/\/skupstinazp.ba\/new\/wp-json\/wp\/v2\/users\/2"}],"replies":[{"embeddable":true,"href":"https:\/\/skupstinazp.ba\/new\/wp-json\/wp\/v2\/comments?post=3581"}],"version-history":[{"count":0,"href":"https:\/\/skupstinazp.ba\/new\/wp-json\/wp\/v2\/posts\/3581\/revisions"}],"wp:featuredmedia":[{"embeddable":true,"href":"https:\/\/skupstinazp.ba\/new\/wp-json\/wp\/v2\/media\/3584"}],"wp:attachment":[{"href":"https:\/\/skupstinazp.ba\/new\/wp-json\/wp\/v2\/media?parent=3581"}],"wp:term":[{"taxonomy":"category","embeddable":true,"href":"https:\/\/skupstinazp.ba\/new\/wp-json\/wp\/v2\/categories?post=3581"},{"taxonomy":"post_tag","embeddable":true,"href":"https:\/\/skupstinazp.ba\/new\/wp-json\/wp\/v2\/tags?post=3581"}],"curies":[{"name":"wp","href":"https:\/\/api.w.org\/{rel}","templated":true}]}}