{"id":361,"date":"2012-03-06T10:13:13","date_gmt":"2012-03-06T10:13:13","guid":{"rendered":"http:\/\/skupstinazp.ba\/?p=361"},"modified":"2012-03-06T10:13:13","modified_gmt":"2012-03-06T10:13:13","slug":"oess-pomaze-u-radu-zupanijskih-vlasti","status":"publish","type":"post","link":"https:\/\/skupstinazp.ba\/new\/oess-pomaze-u-radu-zupanijskih-vlasti\/","title":{"rendered":"OESS poma\u017ee u radu \u017dupanijskih vlasti"},"content":{"rendered":"<p style=\"text-align: center;\"><a href=\"http:\/\/skupstinazp.ba\/wp-content\/uploads\/2011\/12\/Zgrada.jpg\"><img loading=\"lazy\" decoding=\"async\" class=\"aligncenter  wp-image-239\" title=\"Zgrada\" src=\"http:\/\/skupstinazp.ba\/wp-content\/uploads\/2011\/12\/Zgrada-1024x574.jpg\" alt=\"\" width=\"500\" height=\"300\" \/><\/a><\/p>\n<p>DOMALJEVAC \u2013 Predsjednik i dopredsjednik Skup\u0161tine \u017dupanije Posavske prof. Mario Jurki\u0107 i Anes Osmanovi\u0107 su u jutarnjim satima u utorak, 06. o\u017eujka otputovali u Sarajevo. <!--more Pro\u010ditaj vi\u0161e --> Sudjelovat \u0107e na dvodnevnom Konsultativnom sastanku s predstavnicima \u017dupanijskih vlasti, kojeg organizira Misija za europsku sigurnost i suradnju (OESS) u Bosni i Hercegovini.<\/p>\n<p>Sastanak \u0107e se odr\u017eati u utorak i srijedu, 6. i 7. o\u017eujka. Prema pozivu kojeg su \u010delnici Skup\u0161tine dobili uvodne napomene dat \u0107e veleposlanik Fletcher M. Burton, \u0161ef Misije OESS-a u BiH, i Julija Mager, voditeljica sekcije za razvoj i podr\u0161ku upravi Misije OSCE-a u BiH.<\/p>\n<p>Cilj sastanka je ostvarivanje partnerstva sa \u017dupanijskim predstavnicima kako bi se razvio Projekt \u017eupanijskog upravljanja koji \u0107e doprinijeti ja\u010danju kapaciteta dobrog upravljanja, politika i procesa izvr\u0161nih i zakonodavnih grana lokalnih vlasti, kao i vertikalnih odnosa izme\u0111u op\u0107inskih, \u017eupanijskih razina i razine vlade Federacije BiH.<\/p>\n<p>Prvog dana sastanka bit \u0107e predstavljeni rezultati OESS-ove analize o upravljanju na \u017eupanijskoj razini, iz 2011, te mogu\u0107e oblasti u kojima Misija mo\u017ee ponuditi podr\u0161ku \u017eupanijskim vlastima. Tijekom drugog dana sastanka naglasak \u0107e biti na tehni\u010dkim aspektima osmi\u0161ljavanja projekata, konkretnim inicijativama podr\u0161ke upravljanju i modalitetima realizacije projekata<\/p>\n","protected":false},"excerpt":{"rendered":"<p>DOMALJEVAC \u2013 Predsjednik i dopredsjednik Skup\u0161tine \u017dupanije Posavske prof. Mario Jurki\u0107 i Anes Osmanovi\u0107 su u jutarnjim satima u utorak, 06. o\u017eujka otputovali u Sarajevo.<\/p>\n","protected":false},"author":2,"featured_media":0,"comment_status":"open","ping_status":"closed","sticky":false,"template":"","format":"standard","meta":{"footnotes":""},"categories":[2],"tags":[],"class_list":["post-361","post","type-post","status-publish","format-standard","hentry","category-novosti"],"_links":{"self":[{"href":"https:\/\/skupstinazp.ba\/new\/wp-json\/wp\/v2\/posts\/361","targetHints":{"allow":["GET"]}}],"collection":[{"href":"https:\/\/skupstinazp.ba\/new\/wp-json\/wp\/v2\/posts"}],"about":[{"href":"https:\/\/skupstinazp.ba\/new\/wp-json\/wp\/v2\/types\/post"}],"author":[{"embeddable":true,"href":"https:\/\/skupstinazp.ba\/new\/wp-json\/wp\/v2\/users\/2"}],"replies":[{"embeddable":true,"href":"https:\/\/skupstinazp.ba\/new\/wp-json\/wp\/v2\/comments?post=361"}],"version-history":[{"count":0,"href":"https:\/\/skupstinazp.ba\/new\/wp-json\/wp\/v2\/posts\/361\/revisions"}],"wp:attachment":[{"href":"https:\/\/skupstinazp.ba\/new\/wp-json\/wp\/v2\/media?parent=361"}],"wp:term":[{"taxonomy":"category","embeddable":true,"href":"https:\/\/skupstinazp.ba\/new\/wp-json\/wp\/v2\/categories?post=361"},{"taxonomy":"post_tag","embeddable":true,"href":"https:\/\/skupstinazp.ba\/new\/wp-json\/wp\/v2\/tags?post=361"}],"curies":[{"name":"wp","href":"https:\/\/api.w.org\/{rel}","templated":true}]}}