{"id":3625,"date":"2019-01-28T13:01:16","date_gmt":"2019-01-28T12:31:16","guid":{"rendered":"http:\/\/skupstinazp.ba\/Nova\/?p=3625"},"modified":"2019-01-28T13:01:16","modified_gmt":"2019-01-28T12:31:16","slug":"zakazan-nastavak-konstituirajuce-sjednice-i-iii-izvanredna-sjednica-skupstine-zupanije-posavske","status":"publish","type":"post","link":"https:\/\/skupstinazp.ba\/new\/zakazan-nastavak-konstituirajuce-sjednice-i-iii-izvanredna-sjednica-skupstine-zupanije-posavske\/","title":{"rendered":"ZAKAZAN NASTAVAK KONSTITUIRAJU\u0106E SJEDNICE I III. IZVANREDNA SJEDNICA SKUP\u0160TINE \u017dUPANIJE POSAVSKE"},"content":{"rendered":"<p>DOMALJEVAC \u2013 28.01.2019. godine Predsjednik Skup\u0161tine \u017dupanije Posavske zakazao je nastavak konstituiraju\u0107e sjednice i III. izvanrednu sjednicu Skup\u0161tine \u017dupanije Posavske.<\/p>\n<p>Sjednice \u0107e biti odr\u017eane 30. sije\u010dnja 2019. godine (srijeda) u 10,00 sati u dvorani za sjednice Skup\u0161tine \u017dupanije Posavske u Domaljevcu.<\/p>\n<p>Za nastavak Konstituiraju\u0107e sjednice preostala je sljede\u0107a to\u010dka dnevnog reda:<\/p>\n<ol start=\"5\">\n<li>Izbor izaslanika u Dom naroda Parlamenta Federacije Bosne i Hercegovine<\/li>\n<\/ol>\n<p>Za III. izvanrednu sjednicu predlo\u017een je sljede\u0107i dnevni red:<\/p>\n<ol>\n<li>Prijedlog odluke o osnivanju Kolegija Skup\u0161tine<\/li>\n<li>Prijedlog odluke o odobravanju imenovanja Predsjednika i \u010dlanova Vlade \u017dupanije Posavske<\/li>\n<\/ol>\n<p style=\"text-align: right;\">\u00a0\u00a0\u00a0\u00a0\u00a0\u00a0\u00a0\u00a0\u00a0\u00a0\u00a0\u00a0\u00a0\u00a0\u00a0\u00a0\u00a0\u00a0\u00a0\u00a0\u00a0\u00a0\u00a0\u00a0\u00a0\u00a0\u00a0\u00a0\u00a0\u00a0\u00a0\u00a0\u00a0\u00a0\u00a0\u00a0\u00a0\u00a0\u00a0\u00a0\u00a0\u00a0\u00a0\u00a0\u00a0\u00a0\u00a0\u00a0\u00a0\u00a0\u00a0\u00a0\u00a0\u00a0\u00a0\u00a0\u00a0\u00a0\u00a0\u00a0\u00a0\u00a0\u00a0\u00a0\u00a0\u00a0\u00a0\u00a0\u00a0\u00a0\u00a0\u00a0\u00a0\u00a0\u00a0\u00a0\u00a0\u00a0\u00a0\u00a0\u00a0 Stru\u010dna slu\u017eba Skup\u0161tine<\/p>\n","protected":false},"excerpt":{"rendered":"<p>DOMALJEVAC \u2013 28.01.2019. godine Predsjednik Skup\u0161tine \u017dupanije Posavske zakazao je nastavak konstituiraju\u0107e sjednice i III. izvanrednu sjednicu Skup\u0161tine \u017dupanije Posavske. Sjednice \u0107e biti odr\u017eane 30. sije\u010dnja 2019. godine (srijeda) u 10,00 sati u dvorani za sjednice Skup\u0161tine \u017dupanije Posavske u Domaljevcu. Za nastavak Konstituiraju\u0107e sjednice preostala je sljede\u0107a to\u010dka dnevnog reda: Izbor izaslanika u Dom &hellip;<br \/><a href=\"https:\/\/skupstinazp.ba\/new\/zakazan-nastavak-konstituirajuce-sjednice-i-iii-izvanredna-sjednica-skupstine-zupanije-posavske\/\" class=\"more-link pen_button pen_element_default pen_icon_arrow_double\">Nastavite \u010ditati <span class=\"screen-reader-text\">ZAKAZAN NASTAVAK KONSTITUIRAJU\u0106E SJEDNICE I III. IZVANREDNA SJEDNICA SKUP\u0160TINE \u017dUPANIJE POSAVSKE<\/span><\/a><\/p>\n","protected":false},"author":2,"featured_media":3579,"comment_status":"closed","ping_status":"closed","sticky":false,"template":"","format":"standard","meta":{"footnotes":""},"categories":[2,3],"tags":[],"class_list":["post-3625","post","type-post","status-publish","format-standard","has-post-thumbnail","hentry","category-novosti","category-obavijesti"],"_links":{"self":[{"href":"https:\/\/skupstinazp.ba\/new\/wp-json\/wp\/v2\/posts\/3625","targetHints":{"allow":["GET"]}}],"collection":[{"href":"https:\/\/skupstinazp.ba\/new\/wp-json\/wp\/v2\/posts"}],"about":[{"href":"https:\/\/skupstinazp.ba\/new\/wp-json\/wp\/v2\/types\/post"}],"author":[{"embeddable":true,"href":"https:\/\/skupstinazp.ba\/new\/wp-json\/wp\/v2\/users\/2"}],"replies":[{"embeddable":true,"href":"https:\/\/skupstinazp.ba\/new\/wp-json\/wp\/v2\/comments?post=3625"}],"version-history":[{"count":0,"href":"https:\/\/skupstinazp.ba\/new\/wp-json\/wp\/v2\/posts\/3625\/revisions"}],"wp:featuredmedia":[{"embeddable":true,"href":"https:\/\/skupstinazp.ba\/new\/wp-json\/wp\/v2\/media\/3579"}],"wp:attachment":[{"href":"https:\/\/skupstinazp.ba\/new\/wp-json\/wp\/v2\/media?parent=3625"}],"wp:term":[{"taxonomy":"category","embeddable":true,"href":"https:\/\/skupstinazp.ba\/new\/wp-json\/wp\/v2\/categories?post=3625"},{"taxonomy":"post_tag","embeddable":true,"href":"https:\/\/skupstinazp.ba\/new\/wp-json\/wp\/v2\/tags?post=3625"}],"curies":[{"name":"wp","href":"https:\/\/api.w.org\/{rel}","templated":true}]}}