{"id":3675,"date":"2019-02-19T12:44:30","date_gmt":"2019-02-19T12:14:30","guid":{"rendered":"http:\/\/skupstinazp.ba\/Nova\/?p=3675"},"modified":"2019-02-19T12:44:30","modified_gmt":"2019-02-19T12:14:30","slug":"zakazana-ii-sjednica-skupstine-zupanije-posavske-2","status":"publish","type":"post","link":"https:\/\/skupstinazp.ba\/new\/zakazana-ii-sjednica-skupstine-zupanije-posavske-2\/","title":{"rendered":"ZAKAZANA II. SJEDNICA SKUP\u0160TINE \u017dUPANIJE POSAVSKE"},"content":{"rendered":"<p>DOMALJEVAC \u2013 18.02.2019. godine u Skup\u0161tini \u017dupanije Posavske odr\u017eana je I. sjednica Kolegija Skup\u0161tine. Na sjednici je utvr\u0111en datum i vrijeme odr\u017eavanja kao i Prijedlog dnevnog reda II. sjednice Skup\u0161tine \u017dupanije Posavske.<\/p>\n<p>Sjednica Skup\u0161tine \u0107e biti odr\u017eana 27. velja\u010de 2019. godine (srijeda) u 10,00 sati u dvorani za sjednice Skup\u0161tine \u017dupanije Posavske u Domaljevcu.<\/p>\n<p>Kolegij Skup\u0161tine utvrdio je slijede\u0107i Prijedlog dnevnog reda za II. sjednicu Skup\u0161tine \u017dupanije Posavske:<\/p>\n<ol>\n<li>Izvje\u0161\u0107e o radu Skup\u0161tine \u017dupanije Posavske za 2018. godinu,<\/li>\n<li>Izbori i imenovanja:<\/li>\n<li>Prijedlog odluke o razrje\u0161enju \u010dlana Komisije za izbor i imenovanja,<\/li>\n<li>Prijedlog odluke o imenovanju \u010dlana Komisije za izbor i imenovanja,<\/li>\n<li>Prijedlog odluke o potvr\u0111ivanju izbora predsjednika Komisije za izbor i imenovanja,<\/li>\n<li>Prijedlog odluke o potvr\u0111ivanju izbora zamjenika predsjednika Komisije za izbor i imenovanja,<\/li>\n<li>Prijedlog odluke o potvr\u0111ivanju izbora predsjednika Mandatno-imunitetne komisije,<\/li>\n<li>Prijedlog odluke o potvr\u0111ivanju izbora zamjenika predsjednika Mandatno-imunitetne komisije,<\/li>\n<li>Prijedlog odluke o izboru i imenovanju Odbora za Ustav, Poslovnik i zakonodavstvo,<\/li>\n<li>Prijedlog odluke o izboru i imenovanju Odbora za gospodarstvo, financije i prora\u010dun,<\/li>\n<li>Prijedlog odluke o izboru i imenovanju Odbora za dru\u0161tvene djelatnosti,<\/li>\n<li>Informacija o radu Kantonalnog tu\u017eiteljstva za 2018. godinu,<\/li>\n<li>Informacija o radu Kantonalnog suda u Od\u017eaku za 2018. godinu,<\/li>\n<li>Informacija o radu Op\u0107inskog suda u Ora\u0161ju za 2018. godinu.<\/li>\n<\/ol>\n<p style=\"text-align: right;\">\u00a0\u00a0\u00a0\u00a0\u00a0\u00a0\u00a0\u00a0\u00a0\u00a0\u00a0\u00a0\u00a0\u00a0\u00a0\u00a0\u00a0\u00a0\u00a0\u00a0\u00a0\u00a0\u00a0\u00a0\u00a0\u00a0\u00a0\u00a0\u00a0\u00a0\u00a0\u00a0\u00a0\u00a0\u00a0\u00a0\u00a0\u00a0\u00a0\u00a0\u00a0\u00a0\u00a0\u00a0\u00a0\u00a0\u00a0\u00a0\u00a0\u00a0\u00a0\u00a0\u00a0\u00a0\u00a0\u00a0\u00a0\u00a0\u00a0\u00a0\u00a0\u00a0\u00a0\u00a0\u00a0\u00a0\u00a0\u00a0\u00a0\u00a0\u00a0\u00a0\u00a0\u00a0\u00a0\u00a0\u00a0\u00a0\u00a0\u00a0\u00a0 Stru\u010dna slu\u017eba Skup\u0161tine<\/p>\n","protected":false},"excerpt":{"rendered":"<p>DOMALJEVAC \u2013 18.02.2019. godine u Skup\u0161tini \u017dupanije Posavske odr\u017eana je I. sjednica Kolegija Skup\u0161tine. Na sjednici je utvr\u0111en datum i vrijeme odr\u017eavanja kao i Prijedlog dnevnog reda II. sjednice Skup\u0161tine \u017dupanije Posavske. Sjednica Skup\u0161tine \u0107e biti odr\u017eana 27. velja\u010de 2019. godine (srijeda) u 10,00 sati u dvorani za sjednice Skup\u0161tine \u017dupanije Posavske u Domaljevcu. Kolegij &hellip;<br \/><a href=\"https:\/\/skupstinazp.ba\/new\/zakazana-ii-sjednica-skupstine-zupanije-posavske-2\/\" class=\"more-link pen_button pen_element_default pen_icon_arrow_double\">Nastavite \u010ditati <span class=\"screen-reader-text\">ZAKAZANA II. SJEDNICA SKUP\u0160TINE \u017dUPANIJE POSAVSKE<\/span><\/a><\/p>\n","protected":false},"author":2,"featured_media":3579,"comment_status":"closed","ping_status":"closed","sticky":false,"template":"","format":"standard","meta":{"footnotes":""},"categories":[2,3],"tags":[],"class_list":["post-3675","post","type-post","status-publish","format-standard","has-post-thumbnail","hentry","category-novosti","category-obavijesti"],"_links":{"self":[{"href":"https:\/\/skupstinazp.ba\/new\/wp-json\/wp\/v2\/posts\/3675","targetHints":{"allow":["GET"]}}],"collection":[{"href":"https:\/\/skupstinazp.ba\/new\/wp-json\/wp\/v2\/posts"}],"about":[{"href":"https:\/\/skupstinazp.ba\/new\/wp-json\/wp\/v2\/types\/post"}],"author":[{"embeddable":true,"href":"https:\/\/skupstinazp.ba\/new\/wp-json\/wp\/v2\/users\/2"}],"replies":[{"embeddable":true,"href":"https:\/\/skupstinazp.ba\/new\/wp-json\/wp\/v2\/comments?post=3675"}],"version-history":[{"count":0,"href":"https:\/\/skupstinazp.ba\/new\/wp-json\/wp\/v2\/posts\/3675\/revisions"}],"wp:featuredmedia":[{"embeddable":true,"href":"https:\/\/skupstinazp.ba\/new\/wp-json\/wp\/v2\/media\/3579"}],"wp:attachment":[{"href":"https:\/\/skupstinazp.ba\/new\/wp-json\/wp\/v2\/media?parent=3675"}],"wp:term":[{"taxonomy":"category","embeddable":true,"href":"https:\/\/skupstinazp.ba\/new\/wp-json\/wp\/v2\/categories?post=3675"},{"taxonomy":"post_tag","embeddable":true,"href":"https:\/\/skupstinazp.ba\/new\/wp-json\/wp\/v2\/tags?post=3675"}],"curies":[{"name":"wp","href":"https:\/\/api.w.org\/{rel}","templated":true}]}}