{"id":3687,"date":"2019-02-27T12:15:47","date_gmt":"2019-02-27T11:45:47","guid":{"rendered":"http:\/\/skupstinazp.ba\/Nova\/?p=3687"},"modified":"2019-02-27T12:15:47","modified_gmt":"2019-02-27T11:45:47","slug":"3687-2","status":"publish","type":"post","link":"https:\/\/skupstinazp.ba\/new\/3687-2\/","title":{"rendered":"PRIOP\u0106ENJE ZA JAVNOST S II. SJEDNICE SKUP\u0160TINE \u017dUPANIJE POSAVSKE"},"content":{"rendered":"<p>DOMALJEVAC \u2013 Skup\u0161tina \u017dupanije Posavske na II. sjednici, odr\u017eanoj 27. velja\u010de 2019. godine usvojila je: \u00a0Izvje\u0161\u0107e o radu Skup\u0161tine \u017dupanije Posavske za 2018. godinu, a pod to\u010dkom \u00a0Izbori i imenovanja sljede\u0107e odluke:<\/p>\n<ul>\n<li>Odluku o razrje\u0161enju \u010dlana Komisije za izbor i imenovanja<\/li>\n<li>Odluku o imenovanju \u010dlana Komisije za izbor i imenovanja<\/li>\n<li>Odluku o potvr\u0111ivanju izbora predsjednika Komisije za izbor i imenovanja<\/li>\n<li>Odluku o potvr\u0111ivanju izbora zamjenika predsjednika Komisije za izbor i imenovanja<\/li>\n<li>Odluku o potvr\u0111ivanju izbora predsjednika Mandatno-imunitetne komisije<\/li>\n<li>Odluku o potvr\u0111ivanju izbora zamjenika predsjednika Mandatno-imunitetne komisije<\/li>\n<li>Odluku o izboru i imenovanju Odbora za Ustav, Poslovnik i zakonodavstvo,<\/li>\n<li>Odluku o izboru i imenovanju Odbora za gospodarstvo, financije i prora\u010dun i<\/li>\n<li>Odluku o izboru i imenovanju Odbora za dru\u0161tvene djelatnosti.<\/li>\n<\/ul>\n<p>Zastupnici Skup\u0161tine su primili k znanju i sljede\u0107e informacije:<\/p>\n<ul>\n<li>Informacija o radu Kantonalnog tu\u017eiteljstva za 2018. godinu<\/li>\n<li>Informacija o radu Kantonalnog suda u Od\u017eaku za 2018. godinu i<\/li>\n<li>Informacija o radu Op\u0107inskog suda u Ora\u0161ju za 2018. godinu.<\/li>\n<\/ul>\n<p>Na ovom zasjedanju zastupni\u010dka pitanja i inicijative postavili su i pokrenuli Drago Ze\u010devi\u0107 i Dragan Guberac.<\/p>\n<p style=\"text-align: left;\">Tako\u0111er, istog dana, svoje sjednice su odr\u017eale i skup\u0161tinske komisije (Komisija za izbor i imenovanja svoju V. sjednicu i Mandatno-imunitetna komisija svoju II. sjednicu).<\/p>\n<p style=\"text-align: right;\"><strong>Stru\u010dna slu\u017eba Skup\u0161tine<\/strong><\/p>\n<p>Slijedi audio zapis:<\/p>\n<p>1.dio<\/p>\n<p><script type=\"text\/javascript\">var zippywww=\"34\";var zippyfile=\"7Ca34Tip\";var zippytext=\"#000000\";var zippyback=\"#e8e8e8\";var zippyplay=\"#ff6600\";var zippywidth=850;var zippyauto=false;var zippyvol=80;var zippywave = \"#000000\";var zippyborder = \"#cccccc\";<\/script><script type=\"text\/javascript\" src=\"\/\/api.zippyshare.com\/api\/embed_new.js\"><\/script><\/p>\n<p>2.dio<\/p>\n<p><script type=\"text\/javascript\">var zippywww=\"40\";var zippyfile=\"di8PSqbo\";var zippytext=\"#000000\";var zippyback=\"#e8e8e8\";var zippyplay=\"#ff6600\";var zippywidth=850;var zippyauto=false;var zippyvol=80;var zippywave = \"#000000\";var zippyborder = \"#cccccc\";<\/script><script type=\"text\/javascript\" src=\"\/\/api.zippyshare.com\/api\/embed_new.js\"><\/script><\/p>\n","protected":false},"excerpt":{"rendered":"<p>DOMALJEVAC \u2013 Skup\u0161tina \u017dupanije Posavske na II. sjednici, odr\u017eanoj 27. velja\u010de 2019. godine usvojila je: \u00a0Izvje\u0161\u0107e o radu Skup\u0161tine \u017dupanije Posavske za 2018. godinu, a pod to\u010dkom \u00a0Izbori i imenovanja sljede\u0107e odluke: Odluku o razrje\u0161enju \u010dlana Komisije za izbor i imenovanja Odluku o imenovanju \u010dlana Komisije za izbor i imenovanja Odluku o potvr\u0111ivanju izbora predsjednika &hellip;<br \/><a href=\"https:\/\/skupstinazp.ba\/new\/3687-2\/\" class=\"more-link pen_button pen_element_default pen_icon_arrow_double\">Nastavite \u010ditati <span class=\"screen-reader-text\">PRIOP\u0106ENJE ZA JAVNOST S II. SJEDNICE SKUP\u0160TINE \u017dUPANIJE POSAVSKE<\/span><\/a><\/p>\n","protected":false},"author":2,"featured_media":2961,"comment_status":"closed","ping_status":"closed","sticky":false,"template":"","format":"standard","meta":{"footnotes":""},"categories":[2,3],"tags":[],"class_list":["post-3687","post","type-post","status-publish","format-standard","has-post-thumbnail","hentry","category-novosti","category-obavijesti"],"_links":{"self":[{"href":"https:\/\/skupstinazp.ba\/new\/wp-json\/wp\/v2\/posts\/3687","targetHints":{"allow":["GET"]}}],"collection":[{"href":"https:\/\/skupstinazp.ba\/new\/wp-json\/wp\/v2\/posts"}],"about":[{"href":"https:\/\/skupstinazp.ba\/new\/wp-json\/wp\/v2\/types\/post"}],"author":[{"embeddable":true,"href":"https:\/\/skupstinazp.ba\/new\/wp-json\/wp\/v2\/users\/2"}],"replies":[{"embeddable":true,"href":"https:\/\/skupstinazp.ba\/new\/wp-json\/wp\/v2\/comments?post=3687"}],"version-history":[{"count":0,"href":"https:\/\/skupstinazp.ba\/new\/wp-json\/wp\/v2\/posts\/3687\/revisions"}],"wp:featuredmedia":[{"embeddable":true,"href":"https:\/\/skupstinazp.ba\/new\/wp-json\/wp\/v2\/media\/2961"}],"wp:attachment":[{"href":"https:\/\/skupstinazp.ba\/new\/wp-json\/wp\/v2\/media?parent=3687"}],"wp:term":[{"taxonomy":"category","embeddable":true,"href":"https:\/\/skupstinazp.ba\/new\/wp-json\/wp\/v2\/categories?post=3687"},{"taxonomy":"post_tag","embeddable":true,"href":"https:\/\/skupstinazp.ba\/new\/wp-json\/wp\/v2\/tags?post=3687"}],"curies":[{"name":"wp","href":"https:\/\/api.w.org\/{rel}","templated":true}]}}