{"id":3728,"date":"2019-03-27T10:14:08","date_gmt":"2019-03-27T09:44:08","guid":{"rendered":"http:\/\/skupstinazp.ba\/Nova\/?p=3728"},"modified":"2019-03-27T10:14:08","modified_gmt":"2019-03-27T09:44:08","slug":"zakazana-iii-sjednica-skupstine-zupanije-posavske","status":"publish","type":"post","link":"https:\/\/skupstinazp.ba\/new\/zakazana-iii-sjednica-skupstine-zupanije-posavske\/","title":{"rendered":"ZAKAZANA III. SJEDNICA SKUP\u0160TINE \u017dUPANIJE POSAVSKE"},"content":{"rendered":"<p>DOMALJEVAC \u2013 27.03.2019. godine u Skup\u0161tini \u017dupanije Posavske odr\u017eana je II. sjednica Kolegija Skup\u0161tine. Na sjednici je utvr\u0111en datum i vrijeme odr\u017eavanja kao i Prijedlog dnevnog reda III. sjednice Skup\u0161tine \u017dupanije Posavske.<\/p>\n<p>Sjednica Skup\u0161tine \u0107e biti odr\u017eana 4. travnja 2019. godine (\u010detvrtak) u 10,00 sati u dvorani za sjednice Skup\u0161tine \u017dupanije Posavske u Domaljevcu, a sjednice radnih tijela odr\u017eat \u0107e se u srijedu 3. travnja 2019. godine.<\/p>\n<p>Kolegij Skup\u0161tine utvrdio je sljede\u0107i Prijedlog dnevnog reda za III. sjednicu Skup\u0161tine \u017dupanije Posavske:<\/p>\n<ol>\n<li>Prijedlog Programa rada Skup\u0161tine \u017dupanije Posavske za 2019. godinu,<\/li>\n<li>Izvje\u0161\u0107e o radu Vlade \u017dupanije Posavske za 2018. godinu,<\/li>\n<li>Prijedlog Programa rada Vlade \u017dupanije Posavske za 2019. godinu,<\/li>\n<li>Izvje\u0161\u0107e o izvr\u0161enju Prora\u010duna \u017dupanije Posavske za 2018. godinu,<\/li>\n<li>Izvje\u0161\u0107e o utro\u0161ku sredstava teku\u0107e pri\u010duve Prora\u010duna \u017dupanije Posavske za 2018.godinu,<\/li>\n<li>Izvje\u0161\u0107e o radu Neovisnog odbora za izbor i reviziju za 2018. godinu,<\/li>\n<li>Izvje\u0161\u0107e o radu \u017dupanijskog pravobraniteljstva za 2018. godinu,<\/li>\n<li>Informacija o Izvje\u0161\u0107u o radu \u017dupanijske uprave civilne za\u0161tite za 2018. godinu i<\/li>\n<li>Informacija o Izvje\u0161\u0107u o radu \u017dupanijskog zavoda za pru\u017eanje pravne pomo\u0107i za 2018.godinu.<\/li>\n<\/ol>\n<p style=\"text-align: right;\">\u00a0\u00a0\u00a0\u00a0\u00a0\u00a0\u00a0\u00a0\u00a0\u00a0\u00a0\u00a0\u00a0\u00a0\u00a0\u00a0\u00a0\u00a0\u00a0\u00a0\u00a0\u00a0\u00a0\u00a0\u00a0\u00a0\u00a0\u00a0\u00a0\u00a0\u00a0\u00a0\u00a0\u00a0\u00a0\u00a0\u00a0\u00a0\u00a0\u00a0\u00a0\u00a0\u00a0\u00a0\u00a0\u00a0\u00a0\u00a0\u00a0\u00a0\u00a0\u00a0\u00a0\u00a0\u00a0\u00a0\u00a0\u00a0\u00a0\u00a0\u00a0\u00a0\u00a0\u00a0\u00a0\u00a0\u00a0\u00a0\u00a0\u00a0\u00a0\u00a0\u00a0\u00a0\u00a0\u00a0\u00a0\u00a0\u00a0\u00a0\u00a0 Stru\u010dna slu\u017eba Skup\u0161tine<\/p>\n","protected":false},"excerpt":{"rendered":"<p>DOMALJEVAC \u2013 27.03.2019. godine u Skup\u0161tini \u017dupanije Posavske odr\u017eana je II. sjednica Kolegija Skup\u0161tine. Na sjednici je utvr\u0111en datum i vrijeme odr\u017eavanja kao i Prijedlog dnevnog reda III. sjednice Skup\u0161tine \u017dupanije Posavske. Sjednica Skup\u0161tine \u0107e biti odr\u017eana 4. travnja 2019. godine (\u010detvrtak) u 10,00 sati u dvorani za sjednice Skup\u0161tine \u017dupanije Posavske u Domaljevcu, a &hellip;<br \/><a href=\"https:\/\/skupstinazp.ba\/new\/zakazana-iii-sjednica-skupstine-zupanije-posavske\/\" class=\"more-link pen_button pen_element_default pen_icon_arrow_double\">Nastavite \u010ditati <span class=\"screen-reader-text\">ZAKAZANA III. SJEDNICA SKUP\u0160TINE \u017dUPANIJE POSAVSKE<\/span><\/a><\/p>\n","protected":false},"author":2,"featured_media":3730,"comment_status":"closed","ping_status":"closed","sticky":false,"template":"","format":"standard","meta":{"footnotes":""},"categories":[2,3],"tags":[],"class_list":["post-3728","post","type-post","status-publish","format-standard","has-post-thumbnail","hentry","category-novosti","category-obavijesti"],"_links":{"self":[{"href":"https:\/\/skupstinazp.ba\/new\/wp-json\/wp\/v2\/posts\/3728","targetHints":{"allow":["GET"]}}],"collection":[{"href":"https:\/\/skupstinazp.ba\/new\/wp-json\/wp\/v2\/posts"}],"about":[{"href":"https:\/\/skupstinazp.ba\/new\/wp-json\/wp\/v2\/types\/post"}],"author":[{"embeddable":true,"href":"https:\/\/skupstinazp.ba\/new\/wp-json\/wp\/v2\/users\/2"}],"replies":[{"embeddable":true,"href":"https:\/\/skupstinazp.ba\/new\/wp-json\/wp\/v2\/comments?post=3728"}],"version-history":[{"count":0,"href":"https:\/\/skupstinazp.ba\/new\/wp-json\/wp\/v2\/posts\/3728\/revisions"}],"wp:featuredmedia":[{"embeddable":true,"href":"https:\/\/skupstinazp.ba\/new\/wp-json\/wp\/v2\/media\/3730"}],"wp:attachment":[{"href":"https:\/\/skupstinazp.ba\/new\/wp-json\/wp\/v2\/media?parent=3728"}],"wp:term":[{"taxonomy":"category","embeddable":true,"href":"https:\/\/skupstinazp.ba\/new\/wp-json\/wp\/v2\/categories?post=3728"},{"taxonomy":"post_tag","embeddable":true,"href":"https:\/\/skupstinazp.ba\/new\/wp-json\/wp\/v2\/tags?post=3728"}],"curies":[{"name":"wp","href":"https:\/\/api.w.org\/{rel}","templated":true}]}}