{"id":3754,"date":"2019-04-12T08:38:27","date_gmt":"2019-04-12T08:08:27","guid":{"rendered":"http:\/\/skupstinazp.ba\/Nova\/?p=3754"},"modified":"2019-04-12T08:38:27","modified_gmt":"2019-04-12T08:08:27","slug":"sedma-vecer-posavine-u-hercegovini","status":"publish","type":"post","link":"https:\/\/skupstinazp.ba\/new\/sedma-vecer-posavine-u-hercegovini\/","title":{"rendered":"Sedma \u201eVe\u010der Posavine u Hercegovini\u201c"},"content":{"rendered":"<p>U sklopu sadr\u017eaja me\u0111unarodnog sajma gospodarstva \u201eMostar 2019.\u201c odr\u017eana je sedma po redu manifestacija \u201eVe\u010der Posavine u Hercegovini\u201c. Radi se o tradicionalnim ve\u010derima koje se odr\u017eavaju u vrijeme sajma u Mostaru i filmskog festivala u Ora\u0161ju kada se odr\u017eava \u201eVe\u010der Hercegovine u Posavini\u201c.<img loading=\"lazy\" decoding=\"async\" class=\"td-animation-stack-type0-2 alignright wp-image-12091\" src=\"https:\/\/i0.wp.com\/www.zupanijaposavska.ba\/wp-content\/uploads\/2019\/04\/1-5.jpg?resize=696%2C464\" sizes=\"auto, (max-width: 696px) 100vw, 696px\" srcset=\"https:\/\/i0.wp.com\/www.zupanijaposavska.ba\/wp-content\/uploads\/2019\/04\/1-5.jpg?resize=1024%2C682&amp;ssl=1 1024w, https:\/\/i0.wp.com\/www.zupanijaposavska.ba\/wp-content\/uploads\/2019\/04\/1-5.jpg?resize=300%2C200&amp;ssl=1 300w, https:\/\/i0.wp.com\/www.zupanijaposavska.ba\/wp-content\/uploads\/2019\/04\/1-5.jpg?resize=768%2C512&amp;ssl=1 768w, https:\/\/i0.wp.com\/www.zupanijaposavska.ba\/wp-content\/uploads\/2019\/04\/1-5.jpg?resize=696%2C464&amp;ssl=1 696w, https:\/\/i0.wp.com\/www.zupanijaposavska.ba\/wp-content\/uploads\/2019\/04\/1-5.jpg?resize=1392%2C928&amp;ssl=1 1392w, https:\/\/i0.wp.com\/www.zupanijaposavska.ba\/wp-content\/uploads\/2019\/04\/1-5.jpg?resize=1068%2C712&amp;ssl=1 1068w, https:\/\/i0.wp.com\/www.zupanijaposavska.ba\/wp-content\/uploads\/2019\/04\/1-5.jpg?resize=630%2C420&amp;ssl=1 630w\" alt=\"\" width=\"413\" height=\"275\" data-attachment-id=\"12091\" data-permalink=\"https:\/\/www.zupanijaposavska.ba\/sedma-vecer-posavine-u-hercegovini\/1-167\/\" data-orig-file=\"https:\/\/i0.wp.com\/www.zupanijaposavska.ba\/wp-content\/uploads\/2019\/04\/1-5.jpg?fit=2000%2C1333&amp;ssl=1\" data-orig-size=\"2000,1333\" data-comments-opened=\"1\" data-image-meta=\"{&quot;aperture&quot;:&quot;2.8&quot;,&quot;credit&quot;:&quot;Josip Vinkovic&quot;,&quot;camera&quot;:&quot;Canon EOS 5D Mark IV&quot;,&quot;caption&quot;:&quot;&quot;,&quot;created_timestamp&quot;:&quot;1554929797&quot;,&quot;copyright&quot;:&quot;www.in7.studio&quot;,&quot;focal_length&quot;:&quot;35&quot;,&quot;iso&quot;:&quot;2500&quot;,&quot;shutter_speed&quot;:&quot;0.008&quot;,&quot;title&quot;:&quot;&quot;,&quot;orientation&quot;:&quot;0&quot;}\" data-image-title=\"\" data-image-description=\"\" data-medium-file=\"https:\/\/i0.wp.com\/www.zupanijaposavska.ba\/wp-content\/uploads\/2019\/04\/1-5.jpg?fit=300%2C200&amp;ssl=1\" data-large-file=\"https:\/\/i0.wp.com\/www.zupanijaposavska.ba\/wp-content\/uploads\/2019\/04\/1-5.jpg?fit=696%2C464&amp;ssl=1\" data-id=\"12091\" data-link=\"http:\/\/www.zupanijaposavska.ba\/?attachment_id=12091\" \/><\/p>\n<p>Uz nazo\u010dnost preko 400 posjetitelja, prije svega gospodarstvenika, uz ostale bili su nazo\u010dni visoki uzvanici me\u0111u kojima predsjednik HNS-a BiH i HDZ BiH dr. Dragan \u010covi\u0107, predsjedateljica Zastupni\u010dkog doma Parlamentarne skup\u0161tine BiH Borjana Kri\u0161to, predsjednik Federacije BiH Marinko \u010cavara, ministri u Vije\u0107u ministara BiH i u Vladi Federacije BiH, predstavnici svih razina vlasti i institucija u BiH, gosti iz Republike Hrvatske, predstavnici Sredi\u0161njeg Ureda za Hrvate izvan RH.<img loading=\"lazy\" decoding=\"async\" class=\"td-animation-stack-type0-2 alignleft wp-image-12095\" src=\"https:\/\/i2.wp.com\/www.zupanijaposavska.ba\/wp-content\/uploads\/2019\/04\/3-3.jpg?resize=696%2C464\" sizes=\"auto, (max-width: 696px) 100vw, 696px\" srcset=\"https:\/\/i2.wp.com\/www.zupanijaposavska.ba\/wp-content\/uploads\/2019\/04\/3-3.jpg?resize=1024%2C682&amp;ssl=1 1024w, https:\/\/i2.wp.com\/www.zupanijaposavska.ba\/wp-content\/uploads\/2019\/04\/3-3.jpg?resize=300%2C200&amp;ssl=1 300w, https:\/\/i2.wp.com\/www.zupanijaposavska.ba\/wp-content\/uploads\/2019\/04\/3-3.jpg?resize=768%2C512&amp;ssl=1 768w, https:\/\/i2.wp.com\/www.zupanijaposavska.ba\/wp-content\/uploads\/2019\/04\/3-3.jpg?resize=696%2C464&amp;ssl=1 696w, https:\/\/i2.wp.com\/www.zupanijaposavska.ba\/wp-content\/uploads\/2019\/04\/3-3.jpg?resize=1392%2C928&amp;ssl=1 1392w, https:\/\/i2.wp.com\/www.zupanijaposavska.ba\/wp-content\/uploads\/2019\/04\/3-3.jpg?resize=1068%2C712&amp;ssl=1 1068w, https:\/\/i2.wp.com\/www.zupanijaposavska.ba\/wp-content\/uploads\/2019\/04\/3-3.jpg?resize=630%2C420&amp;ssl=1 630w\" alt=\"\" width=\"413\" height=\"275\" data-attachment-id=\"12095\" data-permalink=\"https:\/\/www.zupanijaposavska.ba\/sedma-vecer-posavine-u-hercegovini\/3-73\/\" data-orig-file=\"https:\/\/i2.wp.com\/www.zupanijaposavska.ba\/wp-content\/uploads\/2019\/04\/3-3.jpg?fit=2000%2C1333&amp;ssl=1\" data-orig-size=\"2000,1333\" data-comments-opened=\"1\" data-image-meta=\"{&quot;aperture&quot;:&quot;2.8&quot;,&quot;credit&quot;:&quot;Josip Vinkovic&quot;,&quot;camera&quot;:&quot;Canon EOS 5D Mark IV&quot;,&quot;caption&quot;:&quot;&quot;,&quot;created_timestamp&quot;:&quot;1554932620&quot;,&quot;copyright&quot;:&quot;www.in7.studio&quot;,&quot;focal_length&quot;:&quot;24&quot;,&quot;iso&quot;:&quot;2500&quot;,&quot;shutter_speed&quot;:&quot;0.0125&quot;,&quot;title&quot;:&quot;&quot;,&quot;orientation&quot;:&quot;0&quot;}\" data-image-title=\"\" data-image-description=\"\" data-medium-file=\"https:\/\/i2.wp.com\/www.zupanijaposavska.ba\/wp-content\/uploads\/2019\/04\/3-3.jpg?fit=300%2C200&amp;ssl=1\" data-large-file=\"https:\/\/i2.wp.com\/www.zupanijaposavska.ba\/wp-content\/uploads\/2019\/04\/3-3.jpg?fit=696%2C464&amp;ssl=1\" data-id=\"12095\" data-link=\"http:\/\/www.zupanijaposavska.ba\/?attachment_id=12095\" \/><\/p>\n<p>Kao \u0161to se na sajmu u Mostaru Posavina predstavlja u najboljem svijetlu jer su \u0161tandovi posavskih gospodarstvenika me\u0111u najposje\u0107enijim, tako se i na ve\u010deri u ljetnikovcu Radobolja na dostojan na\u010din predstavila \u017dupanija Posavska. Doma\u0107in ve\u010deri bio je \u0110uro Topi\u0107 u ime Vlade \u017dupanije Posavske i dogradona\u010delnik Br\u010dko Distrikta BiH Anto Domi\u0107, a suorganizatori Vlade Hercegbosanske \u017eupanije, Zapadnohercegova\u010dke \u017eupanije i Hercegova\u010dko-neretvanske \u017eupanije na \u010delu sa predsjednicima Ivanom Jozi\u0107em, Zdenkom \u0106osi\u0107em i Nevenkom Hercegom. Brojni gospodarstvenici i osobe iz javnog i politi\u010dkog \u017eivota \u017dupanije Posavske bili su nazo\u010dni \u201eVe\u010deri Posavine u Hercegovini\u201c, uz ostale predsjednik Skup\u0161tine \u017dupanije Posavske Bla\u017e \u017dupari\u0107, te tri na\u010delnika posavskih op\u0107ina Stanko Vinceti\u0107, Stjepan Pilji\u0107 i Jakov Ivankovi\u0107.<img loading=\"lazy\" decoding=\"async\" class=\"td-animation-stack-type0-2 alignright wp-image-12097\" src=\"https:\/\/i0.wp.com\/www.zupanijaposavska.ba\/wp-content\/uploads\/2019\/04\/6.jpg?resize=696%2C464\" sizes=\"auto, (max-width: 696px) 100vw, 696px\" srcset=\"https:\/\/i0.wp.com\/www.zupanijaposavska.ba\/wp-content\/uploads\/2019\/04\/6.jpg?resize=1024%2C682&amp;ssl=1 1024w, https:\/\/i0.wp.com\/www.zupanijaposavska.ba\/wp-content\/uploads\/2019\/04\/6.jpg?resize=300%2C200&amp;ssl=1 300w, https:\/\/i0.wp.com\/www.zupanijaposavska.ba\/wp-content\/uploads\/2019\/04\/6.jpg?resize=768%2C512&amp;ssl=1 768w, https:\/\/i0.wp.com\/www.zupanijaposavska.ba\/wp-content\/uploads\/2019\/04\/6.jpg?resize=696%2C464&amp;ssl=1 696w, https:\/\/i0.wp.com\/www.zupanijaposavska.ba\/wp-content\/uploads\/2019\/04\/6.jpg?resize=1392%2C927&amp;ssl=1 1392w, https:\/\/i0.wp.com\/www.zupanijaposavska.ba\/wp-content\/uploads\/2019\/04\/6.jpg?resize=1068%2C712&amp;ssl=1 1068w, https:\/\/i0.wp.com\/www.zupanijaposavska.ba\/wp-content\/uploads\/2019\/04\/6.jpg?resize=630%2C420&amp;ssl=1 630w\" alt=\"\" width=\"413\" height=\"310\" data-attachment-id=\"12097\" data-permalink=\"https:\/\/www.zupanijaposavska.ba\/sedma-vecer-posavine-u-hercegovini\/6-13\/\" data-orig-file=\"https:\/\/i0.wp.com\/www.zupanijaposavska.ba\/wp-content\/uploads\/2019\/04\/6.jpg?fit=1732%2C1154&amp;ssl=1\" data-orig-size=\"1732,1154\" data-comments-opened=\"1\" data-image-meta=\"{&quot;aperture&quot;:&quot;0&quot;,&quot;credit&quot;:&quot;&quot;,&quot;camera&quot;:&quot;&quot;,&quot;caption&quot;:&quot;&quot;,&quot;created_timestamp&quot;:&quot;1554931024&quot;,&quot;copyright&quot;:&quot;&quot;,&quot;focal_length&quot;:&quot;0&quot;,&quot;iso&quot;:&quot;0&quot;,&quot;shutter_speed&quot;:&quot;0&quot;,&quot;title&quot;:&quot;&quot;,&quot;orientation&quot;:&quot;0&quot;}\" data-image-title=\"\" data-image-description=\"\" data-medium-file=\"https:\/\/i0.wp.com\/www.zupanijaposavska.ba\/wp-content\/uploads\/2019\/04\/6.jpg?fit=300%2C200&amp;ssl=1\" data-large-file=\"https:\/\/i0.wp.com\/www.zupanijaposavska.ba\/wp-content\/uploads\/2019\/04\/6.jpg?fit=696%2C464&amp;ssl=1\" data-id=\"12097\" data-link=\"http:\/\/www.zupanijaposavska.ba\/?attachment_id=12097\" \/><\/p>\n<p>Pozdravne rije\u010di predsjednika Vlade \u017dupanije Posavske \u0110ure Topi\u0107a bile su u znaku \u010destitanja direktorici sajma Delfini Bo\u0161njak na organizaciji me\u0111unarodne sajamske manifestacije, posebnog pozdrava gospodarstvenicima, te poziva -Ovom vas prilikom sve \u017eelim pozvati na dru\u017eenje u Posavini u rujnu kada \u0107e se odr\u017eati Ve\u010der Hercegovine u Posavini. Tako\u0111er vas pozivam i na Filmski festival koji \u0107e se prvi puta odr\u017eati, na\u017ealost bez Ive Gregurevi\u0107a, inicijatora \u201eDana hrvatskog filma\u201c u Ora\u0161ju, ali mi nastavljamo tamo gdje je Ivo stao njemu u \u010dast, poru\u010dio je Topi\u0107. Dogradona\u010delnik Br\u010dko Distrikta Anto Domi\u0107 naglasio je kako su ve\u010deri u Mostaru i Ora\u0161ju postale mostovi prijateljstva na kojima se ja\u010daju veze izme\u0111u hrvatskog naroda, \u0161to je klju\u010d njegove opstojnosti na ovim prostorima.<img loading=\"lazy\" decoding=\"async\" class=\"td-animation-stack-type0-2 alignleft wp-image-12099\" src=\"https:\/\/i1.wp.com\/www.zupanijaposavska.ba\/wp-content\/uploads\/2019\/04\/7.jpg?resize=696%2C522\" sizes=\"auto, (max-width: 696px) 100vw, 696px\" srcset=\"https:\/\/i1.wp.com\/www.zupanijaposavska.ba\/wp-content\/uploads\/2019\/04\/7.jpg?resize=1024%2C768&amp;ssl=1 1024w, https:\/\/i1.wp.com\/www.zupanijaposavska.ba\/wp-content\/uploads\/2019\/04\/7.jpg?resize=300%2C225&amp;ssl=1 300w, https:\/\/i1.wp.com\/www.zupanijaposavska.ba\/wp-content\/uploads\/2019\/04\/7.jpg?resize=768%2C576&amp;ssl=1 768w, https:\/\/i1.wp.com\/www.zupanijaposavska.ba\/wp-content\/uploads\/2019\/04\/7.jpg?resize=80%2C60&amp;ssl=1 80w, https:\/\/i1.wp.com\/www.zupanijaposavska.ba\/wp-content\/uploads\/2019\/04\/7.jpg?resize=160%2C120&amp;ssl=1 160w, https:\/\/i1.wp.com\/www.zupanijaposavska.ba\/wp-content\/uploads\/2019\/04\/7.jpg?resize=265%2C198&amp;ssl=1 265w, https:\/\/i1.wp.com\/www.zupanijaposavska.ba\/wp-content\/uploads\/2019\/04\/7.jpg?resize=696%2C522&amp;ssl=1 696w, https:\/\/i1.wp.com\/www.zupanijaposavska.ba\/wp-content\/uploads\/2019\/04\/7.jpg?resize=1392%2C1044&amp;ssl=1 1392w, https:\/\/i1.wp.com\/www.zupanijaposavska.ba\/wp-content\/uploads\/2019\/04\/7.jpg?resize=1068%2C801&amp;ssl=1 1068w, https:\/\/i1.wp.com\/www.zupanijaposavska.ba\/wp-content\/uploads\/2019\/04\/7.jpg?resize=560%2C420&amp;ssl=1 560w\" alt=\"\" width=\"413\" height=\"310\" data-attachment-id=\"12099\" data-permalink=\"https:\/\/www.zupanijaposavska.ba\/sedma-vecer-posavine-u-hercegovini\/7-7\/\" data-orig-file=\"https:\/\/i1.wp.com\/www.zupanijaposavska.ba\/wp-content\/uploads\/2019\/04\/7.jpg?fit=1632%2C1224&amp;ssl=1\" data-orig-size=\"1632,1224\" data-comments-opened=\"1\" data-image-meta=\"{&quot;aperture&quot;:&quot;0&quot;,&quot;credit&quot;:&quot;&quot;,&quot;camera&quot;:&quot;&quot;,&quot;caption&quot;:&quot;&quot;,&quot;created_timestamp&quot;:&quot;1554935213&quot;,&quot;copyright&quot;:&quot;&quot;,&quot;focal_length&quot;:&quot;0&quot;,&quot;iso&quot;:&quot;0&quot;,&quot;shutter_speed&quot;:&quot;0&quot;,&quot;title&quot;:&quot;&quot;,&quot;orientation&quot;:&quot;1&quot;}\" data-image-title=\"\" data-image-description=\"\" data-medium-file=\"https:\/\/i1.wp.com\/www.zupanijaposavska.ba\/wp-content\/uploads\/2019\/04\/7.jpg?fit=300%2C225&amp;ssl=1\" data-large-file=\"https:\/\/i1.wp.com\/www.zupanijaposavska.ba\/wp-content\/uploads\/2019\/04\/7.jpg?fit=696%2C522&amp;ssl=1\" data-id=\"12099\" data-link=\"http:\/\/www.zupanijaposavska.ba\/?attachment_id=12099\" \/><\/p>\n<p>Tijekom ve\u010deri razmijenjeni su darovi, a u ime \u017eupanije iz Hercegovine obratio se prigodnim rije\u010dima u znaku isticanja va\u017enosti manifestacije predsjednik Zdenko \u0106osi\u0107 i nazvao ve\u010der festivalom hrvatskog zajedni\u0161tva. Svoje promi\u0161ljanje podijelio je prije blagoslova ve\u010dere i fra Iko Skoko ukazuju\u0107i na aktualan problem odlaska mladih. Nadahnutim rije\u010dima apelirao je na potrebu stvaranja novih radnih mjesta kako mladi ne bi odlazili iz zemlje. U nastavku ve\u010deri uz razgovore se dru\u017eilo uz zvuke tambura\u0161ima iz KUD-a Kralj Tomislav iz Tolise.<\/p>\n","protected":false},"excerpt":{"rendered":"<p>U sklopu sadr\u017eaja me\u0111unarodnog sajma gospodarstva \u201eMostar 2019.\u201c odr\u017eana je sedma po redu manifestacija \u201eVe\u010der Posavine u Hercegovini\u201c. Radi se o tradicionalnim ve\u010derima koje se odr\u017eavaju u vrijeme sajma u Mostaru i filmskog festivala u Ora\u0161ju kada se odr\u017eava \u201eVe\u010der Hercegovine u Posavini\u201c. Uz nazo\u010dnost preko 400 posjetitelja, prije svega gospodarstvenika, uz ostale bili su &hellip;<br \/><a href=\"https:\/\/skupstinazp.ba\/new\/sedma-vecer-posavine-u-hercegovini\/\" class=\"more-link pen_button pen_element_default pen_icon_arrow_double\">Nastavite \u010ditati <span class=\"screen-reader-text\">Sedma \u201eVe\u010der Posavine u Hercegovini\u201c<\/span><\/a><\/p>\n","protected":false},"author":2,"featured_media":3760,"comment_status":"closed","ping_status":"closed","sticky":false,"template":"","format":"standard","meta":{"footnotes":""},"categories":[2,3],"tags":[],"class_list":["post-3754","post","type-post","status-publish","format-standard","has-post-thumbnail","hentry","category-novosti","category-obavijesti"],"_links":{"self":[{"href":"https:\/\/skupstinazp.ba\/new\/wp-json\/wp\/v2\/posts\/3754","targetHints":{"allow":["GET"]}}],"collection":[{"href":"https:\/\/skupstinazp.ba\/new\/wp-json\/wp\/v2\/posts"}],"about":[{"href":"https:\/\/skupstinazp.ba\/new\/wp-json\/wp\/v2\/types\/post"}],"author":[{"embeddable":true,"href":"https:\/\/skupstinazp.ba\/new\/wp-json\/wp\/v2\/users\/2"}],"replies":[{"embeddable":true,"href":"https:\/\/skupstinazp.ba\/new\/wp-json\/wp\/v2\/comments?post=3754"}],"version-history":[{"count":0,"href":"https:\/\/skupstinazp.ba\/new\/wp-json\/wp\/v2\/posts\/3754\/revisions"}],"wp:featuredmedia":[{"embeddable":true,"href":"https:\/\/skupstinazp.ba\/new\/wp-json\/wp\/v2\/media\/3760"}],"wp:attachment":[{"href":"https:\/\/skupstinazp.ba\/new\/wp-json\/wp\/v2\/media?parent=3754"}],"wp:term":[{"taxonomy":"category","embeddable":true,"href":"https:\/\/skupstinazp.ba\/new\/wp-json\/wp\/v2\/categories?post=3754"},{"taxonomy":"post_tag","embeddable":true,"href":"https:\/\/skupstinazp.ba\/new\/wp-json\/wp\/v2\/tags?post=3754"}],"curies":[{"name":"wp","href":"https:\/\/api.w.org\/{rel}","templated":true}]}}