{"id":3793,"date":"2019-06-21T09:14:10","date_gmt":"2019-06-21T08:44:10","guid":{"rendered":"http:\/\/skupstinazp.ba\/Nova\/?p=3793"},"modified":"2019-06-21T09:14:10","modified_gmt":"2019-06-21T08:44:10","slug":"zakazana-v-sjednica-skupstine-zupanije-posavske-2","status":"publish","type":"post","link":"https:\/\/skupstinazp.ba\/new\/zakazana-v-sjednica-skupstine-zupanije-posavske-2\/","title":{"rendered":"ZAKAZANA V. SJEDNICA SKUP\u0160TINE \u017dUPANIJE POSAVSKE"},"content":{"rendered":"<p>DOMALJEVAC \u2013 19.6.2019. godine u Skup\u0161tini \u017dupanije Posavske odr\u017eana je V. sjednica Kolegija Skup\u0161tine. Na sjednici je utvr\u0111en datum i vrijeme odr\u017eavanja kao i Prijedlog dnevnog reda V. sjednice Skup\u0161tine \u017dupanije Posavske.<\/p>\n<p>Sjednica Skup\u0161tine \u0107e biti odr\u017eana 27. lipnja 2019. godine (\u010detvrtak) u 10,00 sati u dvorani za sjednice Skup\u0161tine \u017dupanije Posavske u Domaljevcu, a sjednice radnih tijela odr\u017eat \u0107e se u utorak 25. lipnja 2019. godine.<\/p>\n<p>Kolegij Skup\u0161tine utvrdio je sljede\u0107i Prijedlog dnevnog reda za V. sjednicu Skup\u0161tine \u017dupanije Posavske:<\/p>\n<ol>\n<li>Prijedlog zakona o izmjeni Zakona o \u017eupanijskoj Agenciji za privatizaciju,<\/li>\n<li>Prijedog zakona o dopunama Zakona o porezu na promet nekretnina i prava,<\/li>\n<li>Prijedlog zakona o izmjeni i dopunama Zakona o porezu na imovinu, naslije\u0111e i dar,<\/li>\n<li>Nacrt zakona o obrazovanju odraslih,<\/li>\n<li>Informacija o Izvje\u0161\u0107u o radu \u017dupanijske uprave za inspekcijske poslove\u00a0 za 2018.godine,<\/li>\n<li>Informacija o Programu rada \u017dupanijske uprave za inspekcijske poslove\u00a0 za 2019. godine,<\/li>\n<li>Informacija o Izvje\u0161\u0107u o radu Slu\u017ebe za upo\u0161ljavanje \u017dupanije Posavske za 2018. godine i<\/li>\n<li>Informacija o Programu rada Slu\u017ebe za upo\u0161ljavanje \u017dupanije Posavske za 2019. godine.<\/li>\n<\/ol>\n<p>Stru\u010dna slu\u017eba Skup\u0161tine<\/p>\n","protected":false},"excerpt":{"rendered":"<p>DOMALJEVAC \u2013 19.6.2019. godine u Skup\u0161tini \u017dupanije Posavske odr\u017eana je V. sjednica Kolegija Skup\u0161tine. Na sjednici je utvr\u0111en datum i vrijeme odr\u017eavanja kao i Prijedlog dnevnog reda V. sjednice Skup\u0161tine \u017dupanije Posavske. Sjednica Skup\u0161tine \u0107e biti odr\u017eana 27. lipnja 2019. godine (\u010detvrtak) u 10,00 sati u dvorani za sjednice Skup\u0161tine \u017dupanije Posavske u Domaljevcu, a &hellip;<br \/><a href=\"https:\/\/skupstinazp.ba\/new\/zakazana-v-sjednica-skupstine-zupanije-posavske-2\/\" class=\"more-link pen_button pen_element_default pen_icon_arrow_double\">Nastavite \u010ditati <span class=\"screen-reader-text\">ZAKAZANA V. SJEDNICA SKUP\u0160TINE \u017dUPANIJE POSAVSKE<\/span><\/a><\/p>\n","protected":false},"author":2,"featured_media":3780,"comment_status":"closed","ping_status":"closed","sticky":false,"template":"","format":"standard","meta":{"footnotes":""},"categories":[2,3],"tags":[],"class_list":["post-3793","post","type-post","status-publish","format-standard","has-post-thumbnail","hentry","category-novosti","category-obavijesti"],"_links":{"self":[{"href":"https:\/\/skupstinazp.ba\/new\/wp-json\/wp\/v2\/posts\/3793","targetHints":{"allow":["GET"]}}],"collection":[{"href":"https:\/\/skupstinazp.ba\/new\/wp-json\/wp\/v2\/posts"}],"about":[{"href":"https:\/\/skupstinazp.ba\/new\/wp-json\/wp\/v2\/types\/post"}],"author":[{"embeddable":true,"href":"https:\/\/skupstinazp.ba\/new\/wp-json\/wp\/v2\/users\/2"}],"replies":[{"embeddable":true,"href":"https:\/\/skupstinazp.ba\/new\/wp-json\/wp\/v2\/comments?post=3793"}],"version-history":[{"count":0,"href":"https:\/\/skupstinazp.ba\/new\/wp-json\/wp\/v2\/posts\/3793\/revisions"}],"wp:featuredmedia":[{"embeddable":true,"href":"https:\/\/skupstinazp.ba\/new\/wp-json\/wp\/v2\/media\/3780"}],"wp:attachment":[{"href":"https:\/\/skupstinazp.ba\/new\/wp-json\/wp\/v2\/media?parent=3793"}],"wp:term":[{"taxonomy":"category","embeddable":true,"href":"https:\/\/skupstinazp.ba\/new\/wp-json\/wp\/v2\/categories?post=3793"},{"taxonomy":"post_tag","embeddable":true,"href":"https:\/\/skupstinazp.ba\/new\/wp-json\/wp\/v2\/tags?post=3793"}],"curies":[{"name":"wp","href":"https:\/\/api.w.org\/{rel}","templated":true}]}}