{"id":3807,"date":"2019-07-05T12:19:03","date_gmt":"2019-07-05T11:49:03","guid":{"rendered":"http:\/\/skupstinazp.ba\/Nova\/?p=3807"},"modified":"2019-07-05T12:19:03","modified_gmt":"2019-07-05T11:49:03","slug":"domaljevac-4-7-2019-godine-u-skupstini-zupanije-posavske-je-odrzan-sastanak-povodom-nastavka-twinning-projekta","status":"publish","type":"post","link":"https:\/\/skupstinazp.ba\/new\/domaljevac-4-7-2019-godine-u-skupstini-zupanije-posavske-je-odrzan-sastanak-povodom-nastavka-twinning-projekta\/","title":{"rendered":"Domaljevac, 4.7.2019. godine \u2013 U Skup\u0161tini \u017dupanije Posavske je odr\u017ean sastanak povodom nastavka Twinning  projekta"},"content":{"rendered":"<p style=\"text-align: left;\">U okviru projekta <em>Twinning Light<\/em> \u2013 \u201ePodr\u0161ka administrativnim strukturama za poslove integracija u EU parlamenata u Bosni i Hercegovini\u201d, 2017. godine je izvr\u0161ena sveobuhvatna analiza potreba \u017eupanijskih skup\u0161tina, \u010demu su podr\u0161ku dali Dom naroda Parlamenta FBiH te predsjednici \u017eupanijskih skup\u0161tina FBiH.<img loading=\"lazy\" decoding=\"async\" class=\"size-large wp-image-3809 alignright\" src=\"https:\/\/skupstinazp.ba\/new\/wp-content\/uploads\/2019\/08\/IMG_6521-1024x576.jpg\" alt=\"\" width=\"640\" height=\"360\" srcset=\"https:\/\/skupstinazp.ba\/new\/wp-content\/uploads\/2019\/08\/IMG_6521-1024x576.jpg 1024w, https:\/\/skupstinazp.ba\/new\/wp-content\/uploads\/2019\/08\/IMG_6521-300x169.jpg 300w, https:\/\/skupstinazp.ba\/new\/wp-content\/uploads\/2019\/08\/IMG_6521-768x432.jpg 768w, https:\/\/skupstinazp.ba\/new\/wp-content\/uploads\/2019\/08\/IMG_6521-1536x864.jpg 1536w, https:\/\/skupstinazp.ba\/new\/wp-content\/uploads\/2019\/08\/IMG_6521-1568x882.jpg 1568w, https:\/\/skupstinazp.ba\/new\/wp-content\/uploads\/2019\/08\/IMG_6521.jpg 1600w\" sizes=\"auto, (max-width: 640px) 100vw, 640px\" \/><\/p>\n<p>Analiza je prikazala cjelokupnu i detaljnu sliku \u017eupanijskih skup\u0161tina u pogledu europskih integracija te kreirala smjernice za unapre\u0111enje kapaciteta \u017eupanijskih skup\u0161tina u oblasti europskih integracija.<img loading=\"lazy\" decoding=\"async\" class=\"size-large wp-image-3810 alignleft\" src=\"https:\/\/skupstinazp.ba\/new\/wp-content\/uploads\/2019\/08\/IMG_6522-1024x576.jpg\" alt=\"\" width=\"640\" height=\"360\" srcset=\"https:\/\/skupstinazp.ba\/new\/wp-content\/uploads\/2019\/08\/IMG_6522-1024x576.jpg 1024w, https:\/\/skupstinazp.ba\/new\/wp-content\/uploads\/2019\/08\/IMG_6522-300x169.jpg 300w, https:\/\/skupstinazp.ba\/new\/wp-content\/uploads\/2019\/08\/IMG_6522-768x432.jpg 768w, https:\/\/skupstinazp.ba\/new\/wp-content\/uploads\/2019\/08\/IMG_6522-1536x864.jpg 1536w, https:\/\/skupstinazp.ba\/new\/wp-content\/uploads\/2019\/08\/IMG_6522-1568x882.jpg 1568w, https:\/\/skupstinazp.ba\/new\/wp-content\/uploads\/2019\/08\/IMG_6522.jpg 1600w\" sizes=\"auto, (max-width: 640px) 100vw, 640px\" \/><\/p>\n<p>Cilj \u010detvrte komponente je anga\u017eiranje \u017eupanijskih skup\u0161tina u procesu europskih integracija kroz razradu i uvo\u0111enje Zajedni\u010dkog akcionog plana za \u017eupanijske skup\u0161tine.<\/p>\n<p>Zajedni\u010dki akcioni plan treba da sadr\u017ei korake i mjere koje treba poduzeti da unapre\u0111enje izvr\u0161avanja parlamentarnih zadataka \u017eupanijskih skup\u0161tina u svezi s europskim integracijama. U njemu \u0107e biti navedeni koraci za razvoj institucija i procedura koje je neophodno poduzeti u cilju unapre\u0111enja uloge \u017eupanijskih skup\u0161tina u kontekstu europskih integracija, \u0161to podrazumijeva navo\u0111enje ciljeva, odre\u0111ivanje vremenskog roka u okviru kojeg odre\u0111ene zadatke treba zavr\u0161iti te ukazivanje na neophodne resurse.<\/p>\n<p>Ispred Twinning Projekta sastanku je nazo\u010dila g\u0111a Klara Szalay, a u ime Skup\u0161tine \u017dupanije Posavske sastanku su nazo\u010dili Bla\u017e \u017dupari\u0107 &#8211; predsjednik Skup\u0161tine, Mujo Puzi\u0107 \u2013 zamjenik predsjednika, Mandica \u0160pionjak \u2013 predstavnica Stru\u010dne slu\u017ebe Skup\u0161tine i Marko Mami\u0107 \u2013 \u010dlan koordinacijskog tijela za odgovor na upitnik EU ispred Skup\u0161tine \u017dupanije Posavske.<\/p>\n<p style=\"text-align: right;\">Stru\u010dna slu\u017eba Skup\u0161tine<\/p>\n","protected":false},"excerpt":{"rendered":"<p>U okviru projekta Twinning Light \u2013 \u201ePodr\u0161ka administrativnim strukturama za poslove integracija u EU parlamenata u Bosni i Hercegovini\u201d, 2017. godine je izvr\u0161ena sveobuhvatna analiza potreba \u017eupanijskih skup\u0161tina, \u010demu su podr\u0161ku dali Dom naroda Parlamenta FBiH te predsjednici \u017eupanijskih skup\u0161tina FBiH. Analiza je prikazala cjelokupnu i detaljnu sliku \u017eupanijskih skup\u0161tina u pogledu europskih integracija te &hellip;<br \/><a href=\"https:\/\/skupstinazp.ba\/new\/domaljevac-4-7-2019-godine-u-skupstini-zupanije-posavske-je-odrzan-sastanak-povodom-nastavka-twinning-projekta\/\" class=\"more-link pen_button pen_element_default pen_icon_arrow_double\">Nastavite \u010ditati <span class=\"screen-reader-text\">Domaljevac, 4.7.2019. godine \u2013 U Skup\u0161tini \u017dupanije Posavske je odr\u017ean sastanak povodom nastavka Twinning  projekta<\/span><\/a><\/p>\n","protected":false},"author":2,"featured_media":3811,"comment_status":"closed","ping_status":"closed","sticky":false,"template":"","format":"standard","meta":{"footnotes":""},"categories":[2,3],"tags":[],"class_list":["post-3807","post","type-post","status-publish","format-standard","has-post-thumbnail","hentry","category-novosti","category-obavijesti"],"_links":{"self":[{"href":"https:\/\/skupstinazp.ba\/new\/wp-json\/wp\/v2\/posts\/3807","targetHints":{"allow":["GET"]}}],"collection":[{"href":"https:\/\/skupstinazp.ba\/new\/wp-json\/wp\/v2\/posts"}],"about":[{"href":"https:\/\/skupstinazp.ba\/new\/wp-json\/wp\/v2\/types\/post"}],"author":[{"embeddable":true,"href":"https:\/\/skupstinazp.ba\/new\/wp-json\/wp\/v2\/users\/2"}],"replies":[{"embeddable":true,"href":"https:\/\/skupstinazp.ba\/new\/wp-json\/wp\/v2\/comments?post=3807"}],"version-history":[{"count":0,"href":"https:\/\/skupstinazp.ba\/new\/wp-json\/wp\/v2\/posts\/3807\/revisions"}],"wp:featuredmedia":[{"embeddable":true,"href":"https:\/\/skupstinazp.ba\/new\/wp-json\/wp\/v2\/media\/3811"}],"wp:attachment":[{"href":"https:\/\/skupstinazp.ba\/new\/wp-json\/wp\/v2\/media?parent=3807"}],"wp:term":[{"taxonomy":"category","embeddable":true,"href":"https:\/\/skupstinazp.ba\/new\/wp-json\/wp\/v2\/categories?post=3807"},{"taxonomy":"post_tag","embeddable":true,"href":"https:\/\/skupstinazp.ba\/new\/wp-json\/wp\/v2\/tags?post=3807"}],"curies":[{"name":"wp","href":"https:\/\/api.w.org\/{rel}","templated":true}]}}