{"id":3850,"date":"2019-09-20T12:13:32","date_gmt":"2019-09-20T11:43:32","guid":{"rendered":"http:\/\/skupstinazp.ba\/Nova\/?p=3850"},"modified":"2019-09-20T12:13:32","modified_gmt":"2019-09-20T11:43:32","slug":"u-skupstini-zupanije-posavske-odrzan-radni-sastanak-u-sklopu-twinning-projekta","status":"publish","type":"post","link":"https:\/\/skupstinazp.ba\/new\/u-skupstini-zupanije-posavske-odrzan-radni-sastanak-u-sklopu-twinning-projekta\/","title":{"rendered":"U SKUP\u0160TINI \u017dUPANIJE POSAVSKE ODR\u017dAN RADNI SASTANAK U SKLOPU TWINNING PROJEKTA"},"content":{"rendered":"<p>Domaljevac, 20.9.2019. godine &#8211; Danas je u Skup\u0161tini \u017dupanije Posavske odr\u017ean radni sastanak u sklopu Twinning projekta <em>\u201eOsna\u017eivanje i nastavak podr\u0161ke parlamentima BiH u poslovima evropskih integracija\u201c<\/em>.<img loading=\"lazy\" decoding=\"async\" class=\"alignleft size-medium wp-image-3851\" src=\"https:\/\/skupstinazp.ba\/new\/wp-content\/uploads\/2019\/09\/666E59EB-4F5A-461E-933F-682F7B78F6D5-300x225.jpeg\" alt=\"\" width=\"300\" height=\"225\" srcset=\"https:\/\/skupstinazp.ba\/new\/wp-content\/uploads\/2019\/09\/666E59EB-4F5A-461E-933F-682F7B78F6D5-300x225.jpeg 300w, https:\/\/skupstinazp.ba\/new\/wp-content\/uploads\/2019\/09\/666E59EB-4F5A-461E-933F-682F7B78F6D5.jpeg 480w\" sizes=\"auto, (max-width: 300px) 100vw, 300px\" \/><\/p>\n<p>Sastanku je ispred Twinning projekta nazo\u010dila predstavnica Narodne skup\u0161tine Ma\u0111arske g\u0111a. Klara Szalay, glavni savjetnik za europska pitanja i koordinator Odjela za pitanja EU u Senatu Belgije Tim de Bondt i zamjenik voditelja Odsjeka za pitanja EU iz Parlamenta Austrije David Liebich.<img loading=\"lazy\" decoding=\"async\" class=\"alignright size-medium wp-image-3848\" src=\"https:\/\/skupstinazp.ba\/new\/wp-content\/uploads\/2019\/09\/A72A0A25-63B6-47CD-9DA2-4DF5D44ED231-300x225.jpeg\" alt=\"\" width=\"300\" height=\"225\" srcset=\"https:\/\/skupstinazp.ba\/new\/wp-content\/uploads\/2019\/09\/A72A0A25-63B6-47CD-9DA2-4DF5D44ED231-300x225.jpeg 300w, https:\/\/skupstinazp.ba\/new\/wp-content\/uploads\/2019\/09\/A72A0A25-63B6-47CD-9DA2-4DF5D44ED231-768x576.jpeg 768w, https:\/\/skupstinazp.ba\/new\/wp-content\/uploads\/2019\/09\/A72A0A25-63B6-47CD-9DA2-4DF5D44ED231.jpeg 1024w\" sizes=\"auto, (max-width: 300px) 100vw, 300px\" \/><\/p>\n<p>U ime Skup\u0161tine \u017dupanije Posavske sastanku su nazo\u010dili: Bla\u017e \u017dupari\u0107 \u2013 predsjednik Skup\u0161tine, Mujo Puzi\u0107 \u2013 zamjenik predsjednika Skup\u0161tine Lucija Mati\u0107 \u2013 v.d. tajnika Skup\u0161tine i \u00a0Marko Mami\u0107 \u00a0&#8211; \u010dlan koordinacijskog tijela za odgovor na upitnik EU u ime \u00a0Skup\u0161tine \u017dupanije Posavske.<\/p>\n<p>Sastanku je nazo\u010dio i Franc Kljaji\u0107 \u2013 koordinator Vlade \u017dP zadu\u017een za EU pitanja.<\/p>\n<p>Predmet sastanka bila je Aktivnost 4.1.1. \u201ePreporuke za pripremu zajedni\u010dkog akcijskog plana kantonalnih\/\u017eupanijskih skup\u0161tina\u201c a cilj ovog projekta je ja\u010danje i daljnja podr\u0161ka kantonalnim\/\u017eupanijskim skup\u0161tinama i pru\u017eanje podr\u0161ke administrativnim strukturama\u00a0 vezano za poslove europskih integracija putem edukacija i reorganizacije, te podr\u0161ke za uskla\u0111ivanje zakonodavstva s normama i standardima Europske unije.<\/p>\n<p><img loading=\"lazy\" decoding=\"async\" class=\"alignleft size-medium wp-image-3847\" src=\"https:\/\/skupstinazp.ba\/new\/wp-content\/uploads\/2019\/09\/160AA4B8-406F-4CD3-B2EF-AA68EAB882F9-300x225.jpeg\" alt=\"\" width=\"300\" height=\"225\" srcset=\"https:\/\/skupstinazp.ba\/new\/wp-content\/uploads\/2019\/09\/160AA4B8-406F-4CD3-B2EF-AA68EAB882F9-300x225.jpeg 300w, https:\/\/skupstinazp.ba\/new\/wp-content\/uploads\/2019\/09\/160AA4B8-406F-4CD3-B2EF-AA68EAB882F9-1024x768.jpeg 1024w, https:\/\/skupstinazp.ba\/new\/wp-content\/uploads\/2019\/09\/160AA4B8-406F-4CD3-B2EF-AA68EAB882F9-768x576.jpeg 768w, https:\/\/skupstinazp.ba\/new\/wp-content\/uploads\/2019\/09\/160AA4B8-406F-4CD3-B2EF-AA68EAB882F9-1536x1152.jpeg 1536w, https:\/\/skupstinazp.ba\/new\/wp-content\/uploads\/2019\/09\/160AA4B8-406F-4CD3-B2EF-AA68EAB882F9-2048x1536.jpeg 2048w, https:\/\/skupstinazp.ba\/new\/wp-content\/uploads\/2019\/09\/160AA4B8-406F-4CD3-B2EF-AA68EAB882F9-1568x1176.jpeg 1568w\" sizes=\"auto, (max-width: 300px) 100vw, 300px\" \/>Predsjednik Skup\u0161tine upoznao je nazo\u010dne predstavnike Twinning projekta o na\u010dinu vertikalne koordinacije s Parlamentom FBiH, horizontalnoj koordinaciji i suradnji s drugim \u017eupanijama u Federaciji BiH kao i horizontalnoj koordinaciji izme\u0111u Skup\u0161tine i Vlade \u017dupanije Posavske. Tako\u0111er je prezentirao ideje za pobolj\u0161anje ovih koordinacija i pobolj\u0161anje suradnje.<\/p>\n<p>Predstavnici Twinning projekta Tim de Bondt i David Liebich iznjeli su svoja iskustva iz Senata Belgije i parlamenta Austrije po pitanju koordinacije i razmjene informacija.<\/p>\n<p>Na kraju sastanka dogovoreno je da se u okviru Twinning projekta u narednom razdoblju odr\u017ei obuka za predstavnike Skup\u0161tine i Vlade \u017dupanije Posavske.<\/p>\n<p style=\"text-align: right;\">Stru\u010dna slu\u017eba Skup\u0161tine<\/p>\n","protected":false},"excerpt":{"rendered":"<p>Domaljevac, 20.9.2019. godine &#8211; Danas je u Skup\u0161tini \u017dupanije Posavske odr\u017ean radni sastanak u sklopu Twinning projekta \u201eOsna\u017eivanje i nastavak podr\u0161ke parlamentima BiH u poslovima evropskih integracija\u201c. Sastanku je ispred Twinning projekta nazo\u010dila predstavnica Narodne skup\u0161tine Ma\u0111arske g\u0111a. Klara Szalay, glavni savjetnik za europska pitanja i koordinator Odjela za pitanja EU u Senatu Belgije Tim &hellip;<br \/><a href=\"https:\/\/skupstinazp.ba\/new\/u-skupstini-zupanije-posavske-odrzan-radni-sastanak-u-sklopu-twinning-projekta\/\" class=\"more-link pen_button pen_element_default pen_icon_arrow_double\">Nastavite \u010ditati <span class=\"screen-reader-text\">U SKUP\u0160TINI \u017dUPANIJE POSAVSKE ODR\u017dAN RADNI SASTANAK U SKLOPU TWINNING PROJEKTA<\/span><\/a><\/p>\n","protected":false},"author":2,"featured_media":3849,"comment_status":"closed","ping_status":"closed","sticky":false,"template":"","format":"standard","meta":{"footnotes":""},"categories":[2,3],"tags":[],"class_list":["post-3850","post","type-post","status-publish","format-standard","has-post-thumbnail","hentry","category-novosti","category-obavijesti"],"_links":{"self":[{"href":"https:\/\/skupstinazp.ba\/new\/wp-json\/wp\/v2\/posts\/3850","targetHints":{"allow":["GET"]}}],"collection":[{"href":"https:\/\/skupstinazp.ba\/new\/wp-json\/wp\/v2\/posts"}],"about":[{"href":"https:\/\/skupstinazp.ba\/new\/wp-json\/wp\/v2\/types\/post"}],"author":[{"embeddable":true,"href":"https:\/\/skupstinazp.ba\/new\/wp-json\/wp\/v2\/users\/2"}],"replies":[{"embeddable":true,"href":"https:\/\/skupstinazp.ba\/new\/wp-json\/wp\/v2\/comments?post=3850"}],"version-history":[{"count":0,"href":"https:\/\/skupstinazp.ba\/new\/wp-json\/wp\/v2\/posts\/3850\/revisions"}],"wp:featuredmedia":[{"embeddable":true,"href":"https:\/\/skupstinazp.ba\/new\/wp-json\/wp\/v2\/media\/3849"}],"wp:attachment":[{"href":"https:\/\/skupstinazp.ba\/new\/wp-json\/wp\/v2\/media?parent=3850"}],"wp:term":[{"taxonomy":"category","embeddable":true,"href":"https:\/\/skupstinazp.ba\/new\/wp-json\/wp\/v2\/categories?post=3850"},{"taxonomy":"post_tag","embeddable":true,"href":"https:\/\/skupstinazp.ba\/new\/wp-json\/wp\/v2\/tags?post=3850"}],"curies":[{"name":"wp","href":"https:\/\/api.w.org\/{rel}","templated":true}]}}