{"id":3876,"date":"2019-10-11T14:13:55","date_gmt":"2019-10-11T13:43:55","guid":{"rendered":"http:\/\/skupstinazp.ba\/Nova\/?p=3876"},"modified":"2019-10-11T14:13:55","modified_gmt":"2019-10-11T13:43:55","slug":"3876-2","status":"publish","type":"post","link":"https:\/\/skupstinazp.ba\/new\/3876-2\/","title":{"rendered":"25. obljetnica 4. gmbr HVO-a \u201eSinovi Posavine\u201c"},"content":{"rendered":"<p>Danas je obilje\u017eena 25. obljetnica utemeljenja 4.gmbr. HVO \u201eSinovi Posavine\u201d. Sve\u010danost je odr\u017eana u krugu vojarne \u201eSinovi Posavine\u201c. Ispred Spomen obilje\u017eja polo\u017eeni su vijenci u znak vje\u010dnog sje\u0107anja na poginule pripadnike postrojbe, a potom je odr\u017eana sveta misa za poginule u kapelici. Nazo\u010dne je na po\u010detku mise pozdravio vojni kapelan fra Marinko \u017divkovi\u0107, a misu je predvodio i uputio nadahnute rije\u010di tijekom propovjedi fra Marko Or\u0161oli\u0107. Sastavnica organiziranih sadr\u017eaja bila je i sve\u010dana akademija.<img loading=\"lazy\" decoding=\"async\" class=\"alignleft size-medium wp-image-3879\" src=\"https:\/\/skupstinazp.ba\/new\/wp-content\/uploads\/2019\/10\/B3A1784D-07E5-4BAE-8672-AE24F1F402FD-300x169.jpeg\" alt=\"\" width=\"300\" height=\"169\" srcset=\"https:\/\/skupstinazp.ba\/new\/wp-content\/uploads\/2019\/10\/B3A1784D-07E5-4BAE-8672-AE24F1F402FD-300x169.jpeg 300w, https:\/\/skupstinazp.ba\/new\/wp-content\/uploads\/2019\/10\/B3A1784D-07E5-4BAE-8672-AE24F1F402FD.jpeg 696w\" sizes=\"auto, (max-width: 300px) 100vw, 300px\" \/><\/p>\n<p>Me\u0111u nazo\u010dnima posebno su pozdravljeni, predstavnici Udruga izniklih iz Domovinskoga rata, roditelji poginulih branitelja, pripadnici postrojbe, izaslanik ministrice obrane BiH general bojnik Ivica Jerki\u0107, zamjenik zapovjednika OS BiH brigadni general Tomo Kolenda, umirovljeni general Anto Jele\u010d, zapovjednici 4. gmbr HVO general bojnik Vlado D\u017eoi\u0107, brigadni general Mato Bilonji\u0107, umirovljeni generali HVO general zbora Stanko Sopta, general bojnik \u0110uro Matuzovi\u0107, zastupnik u Predstavni\u010dkom domu Parlamentarne Skup\u0161tine BiH Mijo Matanovi\u0107, predsjednik Skup\u0161tine \u017dP Bla\u017e \u017dupari\u0107 i ministar branitelja u Vladi \u017dP Marijan Kopi\u0107.<img loading=\"lazy\" decoding=\"async\" class=\"alignright size-medium wp-image-3878\" src=\"https:\/\/skupstinazp.ba\/new\/wp-content\/uploads\/2019\/10\/131B80FB-CFE5-4F44-989E-E2D28A8352FC-300x169.jpeg\" alt=\"\" width=\"300\" height=\"169\" srcset=\"https:\/\/skupstinazp.ba\/new\/wp-content\/uploads\/2019\/10\/131B80FB-CFE5-4F44-989E-E2D28A8352FC-300x169.jpeg 300w, https:\/\/skupstinazp.ba\/new\/wp-content\/uploads\/2019\/10\/131B80FB-CFE5-4F44-989E-E2D28A8352FC.jpeg 696w\" sizes=\"auto, (max-width: 300px) 100vw, 300px\" \/><\/p>\n<p>Na akademiji su uputili prigodne rije\u010di u znaku \u010destitanja zna\u010dajne obljetnice postrojbe: vr\u0161itelj du\u017enosti zapovjednik 3. pje\u0161a\u010dke bojne 6. pje\u0161a\u010dke brigade OS BiH bojnik Zvonko Or\u0161oli\u0107. O ratnom putu elitne postrojbe sastavljene od najboljih Sinova Posavine osam brigada HVO-a koje su branile ora\u0161ko-\u0161ama\u010dku boji\u0161nicu govorio je ratni zapovjednik general Mato Bilonji\u0107. Prigodnim se rije\u010dima obratio i zapovjednik 1. pje\u0161a\u010dke gardijske pukovnije OS BiH brigadir Martin Pa\u017ein, a na koncu sve\u010danosti je u ime ministrice obrane BiH Marine Pende\u0161 pozdravne rije\u010di uputio i zamjenik na\u010delnika Zajedni\u010dkog sto\u017eera OS BiH general bojnik Ivica Jerki\u0107. Na kraju sve\u010danosti brigadni general Bilonji\u0107 uru\u010dio je prigodne darove, a cijelu ceremoniju je u glazbenom dijelu pratio Vojni orkestar OS BiH.<\/p>\n","protected":false},"excerpt":{"rendered":"<p>Danas je obilje\u017eena 25. obljetnica utemeljenja 4.gmbr. HVO \u201eSinovi Posavine\u201d. Sve\u010danost je odr\u017eana u krugu vojarne \u201eSinovi Posavine\u201c. Ispred Spomen obilje\u017eja polo\u017eeni su vijenci u znak vje\u010dnog sje\u0107anja na poginule pripadnike postrojbe, a potom je odr\u017eana sveta misa za poginule u kapelici. Nazo\u010dne je na po\u010detku mise pozdravio vojni kapelan fra Marinko \u017divkovi\u0107, a misu &hellip;<br \/><a href=\"https:\/\/skupstinazp.ba\/new\/3876-2\/\" class=\"more-link pen_button pen_element_default pen_icon_arrow_double\">Nastavite \u010ditati <span class=\"screen-reader-text\">25. obljetnica 4. gmbr HVO-a \u201eSinovi Posavine\u201c<\/span><\/a><\/p>\n","protected":false},"author":2,"featured_media":3877,"comment_status":"closed","ping_status":"closed","sticky":false,"template":"","format":"standard","meta":{"footnotes":""},"categories":[2,3],"tags":[],"class_list":["post-3876","post","type-post","status-publish","format-standard","has-post-thumbnail","hentry","category-novosti","category-obavijesti"],"_links":{"self":[{"href":"https:\/\/skupstinazp.ba\/new\/wp-json\/wp\/v2\/posts\/3876","targetHints":{"allow":["GET"]}}],"collection":[{"href":"https:\/\/skupstinazp.ba\/new\/wp-json\/wp\/v2\/posts"}],"about":[{"href":"https:\/\/skupstinazp.ba\/new\/wp-json\/wp\/v2\/types\/post"}],"author":[{"embeddable":true,"href":"https:\/\/skupstinazp.ba\/new\/wp-json\/wp\/v2\/users\/2"}],"replies":[{"embeddable":true,"href":"https:\/\/skupstinazp.ba\/new\/wp-json\/wp\/v2\/comments?post=3876"}],"version-history":[{"count":0,"href":"https:\/\/skupstinazp.ba\/new\/wp-json\/wp\/v2\/posts\/3876\/revisions"}],"wp:featuredmedia":[{"embeddable":true,"href":"https:\/\/skupstinazp.ba\/new\/wp-json\/wp\/v2\/media\/3877"}],"wp:attachment":[{"href":"https:\/\/skupstinazp.ba\/new\/wp-json\/wp\/v2\/media?parent=3876"}],"wp:term":[{"taxonomy":"category","embeddable":true,"href":"https:\/\/skupstinazp.ba\/new\/wp-json\/wp\/v2\/categories?post=3876"},{"taxonomy":"post_tag","embeddable":true,"href":"https:\/\/skupstinazp.ba\/new\/wp-json\/wp\/v2\/tags?post=3876"}],"curies":[{"name":"wp","href":"https:\/\/api.w.org\/{rel}","templated":true}]}}