{"id":3882,"date":"2019-10-18T09:39:25","date_gmt":"2019-10-18T09:09:25","guid":{"rendered":"http:\/\/skupstinazp.ba\/Nova\/?p=3882"},"modified":"2019-10-18T09:39:25","modified_gmt":"2019-10-18T09:09:25","slug":"odrzana-radionica-o-temi-osnazivanje-i-nastavak-potpore-parlamentima-bih-u-poslovima-integracije-u-europsku-uniju","status":"publish","type":"post","link":"https:\/\/skupstinazp.ba\/new\/odrzana-radionica-o-temi-osnazivanje-i-nastavak-potpore-parlamentima-bih-u-poslovima-integracije-u-europsku-uniju\/","title":{"rendered":"Odr\u017eana radionica o temi \u201eOsna\u017eivanje i nastavak potpore parlamentima BiH u poslovima integracije u Europsku uniju\u201c"},"content":{"rendered":"<p>Domaljevac, 17.10.2019. godine \u2013 U Skup\u0161tini \u017dupanije Posavske odr\u017eana je radionica o aspektima procesa europskih integracija u okviru <em>Twinning projekta Europske unije \u201c<\/em>Osna\u017eivanje i nastavak potpore parlamentima BiH u poslovima europskih integracija<em>\u201d <\/em>u okviru komponente IV \u2013 Razvoj kapaciteta \u017eupanijskih skup\u0161tina, s ciljem boljeg razumijevanja i unapre\u0111enja rada \u017eupanijskih skup\u0161tina u procesu europskih integracija.<img loading=\"lazy\" decoding=\"async\" class=\"alignright size-medium wp-image-3884\" src=\"https:\/\/skupstinazp.ba\/new\/wp-content\/uploads\/2019\/10\/E5C7DCA1-D756-465E-A2F1-5E013A05B73D-300x225.jpeg\" alt=\"\" width=\"300\" height=\"225\" srcset=\"https:\/\/skupstinazp.ba\/new\/wp-content\/uploads\/2019\/10\/E5C7DCA1-D756-465E-A2F1-5E013A05B73D-300x225.jpeg 300w, https:\/\/skupstinazp.ba\/new\/wp-content\/uploads\/2019\/10\/E5C7DCA1-D756-465E-A2F1-5E013A05B73D-1024x768.jpeg 1024w, https:\/\/skupstinazp.ba\/new\/wp-content\/uploads\/2019\/10\/E5C7DCA1-D756-465E-A2F1-5E013A05B73D-768x576.jpeg 768w, https:\/\/skupstinazp.ba\/new\/wp-content\/uploads\/2019\/10\/E5C7DCA1-D756-465E-A2F1-5E013A05B73D-1536x1152.jpeg 1536w, https:\/\/skupstinazp.ba\/new\/wp-content\/uploads\/2019\/10\/E5C7DCA1-D756-465E-A2F1-5E013A05B73D-2048x1536.jpeg 2048w, https:\/\/skupstinazp.ba\/new\/wp-content\/uploads\/2019\/10\/E5C7DCA1-D756-465E-A2F1-5E013A05B73D-1568x1176.jpeg 1568w\" sizes=\"auto, (max-width: 300px) 100vw, 300px\" \/><\/p>\n<p>Radionici su nazo\u010dili Predsjednik, Zamjenik predsjednika i zastupnici u Skup\u0161tini \u017dupanije Posavske, Predsjednik Vlade s ministrima, predstavnici Ureda za razvoj i europske integracije Vlade \u017dupanije Posavske te Stru\u010dna slu\u017eba Skup\u0161tine \u017dupanije Posavske.<img loading=\"lazy\" decoding=\"async\" class=\"alignleft size-medium wp-image-3883\" src=\"https:\/\/skupstinazp.ba\/new\/wp-content\/uploads\/2019\/10\/96AC64B3-1CA6-4396-8310-71585985C99F-300x225.jpeg\" alt=\"\" width=\"300\" height=\"225\" srcset=\"https:\/\/skupstinazp.ba\/new\/wp-content\/uploads\/2019\/10\/96AC64B3-1CA6-4396-8310-71585985C99F-300x225.jpeg 300w, https:\/\/skupstinazp.ba\/new\/wp-content\/uploads\/2019\/10\/96AC64B3-1CA6-4396-8310-71585985C99F-768x576.jpeg 768w, https:\/\/skupstinazp.ba\/new\/wp-content\/uploads\/2019\/10\/96AC64B3-1CA6-4396-8310-71585985C99F.jpeg 1024w\" sizes=\"auto, (max-width: 300px) 100vw, 300px\" \/><\/p>\n<p>Cilj Twining projekta je unapre\u0111ivanje, odnosno modernizacija institucija u zemlji koje su korisnice Projekta te pru\u017eanje potpore institucijama preko edukacije i reorganizacije, kao i uskla\u0111ivanja zakonodavstva s normama i standardima Europske unije.<\/p>\n<p>U okviru radionice odr\u017eana je prezentacija iskustva Republike Hrvatske, Kraljevine Belgije i Ma\u0111arske u procesu pristupanja Europskoj uniji, primjeri uskla\u0111ivanja regionalnih mi\u0161ljenja izme\u0111u razli\u010ditih razina vlasti i uklju\u010denost skup\u0161tina u zakonodavne procese Europske unije.<img loading=\"lazy\" decoding=\"async\" class=\"alignright size-medium wp-image-3885\" src=\"https:\/\/skupstinazp.ba\/new\/wp-content\/uploads\/2019\/10\/00CF9387-AF45-4EEA-8C62-36BF37CBFCD9-300x225.jpeg\" alt=\"\" width=\"300\" height=\"225\" srcset=\"https:\/\/skupstinazp.ba\/new\/wp-content\/uploads\/2019\/10\/00CF9387-AF45-4EEA-8C62-36BF37CBFCD9-300x225.jpeg 300w, https:\/\/skupstinazp.ba\/new\/wp-content\/uploads\/2019\/10\/00CF9387-AF45-4EEA-8C62-36BF37CBFCD9-768x576.jpeg 768w, https:\/\/skupstinazp.ba\/new\/wp-content\/uploads\/2019\/10\/00CF9387-AF45-4EEA-8C62-36BF37CBFCD9.jpeg 1024w\" sizes=\"auto, (max-width: 300px) 100vw, 300px\" \/><\/p>\n<p>Nazo\u010dnima su se u ime Twinning projekta obratili gospo\u0111a Tatjana Tomi\u0107 &#8211; mla\u0111a voditeljica projekta, Hrvatski sabor, gospodin Dries Bergen \u2013 rukovoditelj Europskog ureda Flamskog parlamenta i gospo\u0111a Kl\u00e1ra Szalay \u2013 moderator, pravna savjetnica, Naroda skup\u0161tina Ma\u0111arske, voditeljica Komponente 4.<\/p>\n<p>U ime Direkcije za europske integracije Bosne i Hercegovine nazo\u010dnima se obratila Ajla Ablakovi\u0107 \u2013 sektor za uskla\u0111ivanje pravnog sistema BiH.<\/p>\n<p>Bla\u017e \u017dupari\u0107 \u2013 predsjednik Skup\u0161tine i \u0110uro Topi\u0107 \u2013 predsjednik Vlade \u017dupanije Posavske u svojim izlaganjima su izrazili spremnost za suradnju u ovim procesima kako bi se ubrzale aktivnosti na ispunjenju uvijeta za pristupanje Europskoj uniji.<\/p>\n<p style=\"text-align: right;\">Stru\u010dna slu\u017eba Skup\u0161tine<\/p>\n","protected":false},"excerpt":{"rendered":"<p>Domaljevac, 17.10.2019. godine \u2013 U Skup\u0161tini \u017dupanije Posavske odr\u017eana je radionica o aspektima procesa europskih integracija u okviru Twinning projekta Europske unije \u201cOsna\u017eivanje i nastavak potpore parlamentima BiH u poslovima europskih integracija\u201d u okviru komponente IV \u2013 Razvoj kapaciteta \u017eupanijskih skup\u0161tina, s ciljem boljeg razumijevanja i unapre\u0111enja rada \u017eupanijskih skup\u0161tina u procesu europskih integracija. Radionici &hellip;<br \/><a href=\"https:\/\/skupstinazp.ba\/new\/odrzana-radionica-o-temi-osnazivanje-i-nastavak-potpore-parlamentima-bih-u-poslovima-integracije-u-europsku-uniju\/\" class=\"more-link pen_button pen_element_default pen_icon_arrow_double\">Nastavite \u010ditati <span class=\"screen-reader-text\">Odr\u017eana radionica o temi \u201eOsna\u017eivanje i nastavak potpore parlamentima BiH u poslovima integracije u Europsku uniju\u201c<\/span><\/a><\/p>\n","protected":false},"author":2,"featured_media":3885,"comment_status":"closed","ping_status":"closed","sticky":false,"template":"","format":"standard","meta":{"footnotes":""},"categories":[2,3],"tags":[],"class_list":["post-3882","post","type-post","status-publish","format-standard","has-post-thumbnail","hentry","category-novosti","category-obavijesti"],"_links":{"self":[{"href":"https:\/\/skupstinazp.ba\/new\/wp-json\/wp\/v2\/posts\/3882","targetHints":{"allow":["GET"]}}],"collection":[{"href":"https:\/\/skupstinazp.ba\/new\/wp-json\/wp\/v2\/posts"}],"about":[{"href":"https:\/\/skupstinazp.ba\/new\/wp-json\/wp\/v2\/types\/post"}],"author":[{"embeddable":true,"href":"https:\/\/skupstinazp.ba\/new\/wp-json\/wp\/v2\/users\/2"}],"replies":[{"embeddable":true,"href":"https:\/\/skupstinazp.ba\/new\/wp-json\/wp\/v2\/comments?post=3882"}],"version-history":[{"count":0,"href":"https:\/\/skupstinazp.ba\/new\/wp-json\/wp\/v2\/posts\/3882\/revisions"}],"wp:featuredmedia":[{"embeddable":true,"href":"https:\/\/skupstinazp.ba\/new\/wp-json\/wp\/v2\/media\/3885"}],"wp:attachment":[{"href":"https:\/\/skupstinazp.ba\/new\/wp-json\/wp\/v2\/media?parent=3882"}],"wp:term":[{"taxonomy":"category","embeddable":true,"href":"https:\/\/skupstinazp.ba\/new\/wp-json\/wp\/v2\/categories?post=3882"},{"taxonomy":"post_tag","embeddable":true,"href":"https:\/\/skupstinazp.ba\/new\/wp-json\/wp\/v2\/tags?post=3882"}],"curies":[{"name":"wp","href":"https:\/\/api.w.org\/{rel}","templated":true}]}}