{"id":3888,"date":"2019-10-24T09:17:21","date_gmt":"2019-10-24T08:47:21","guid":{"rendered":"http:\/\/skupstinazp.ba\/Nova\/?p=3888"},"modified":"2019-10-24T09:17:21","modified_gmt":"2019-10-24T08:47:21","slug":"javna-rasprava-7","status":"publish","type":"post","link":"https:\/\/skupstinazp.ba\/new\/javna-rasprava-7\/","title":{"rendered":"JAVNA RASPRAVA"},"content":{"rendered":"<p>Ministarstvo pravosu\u0111a i uprave \u017dupanije Posavske je na temelju Zaklju\u010dka Skup\u0161tine \u017dupanije Posavske uputilo nacrt Zakona o lokalnoj samoupravi \u017dupanije Posavske na javnu raspravu.<\/p>\n<p>Javna rasprava \u0107e se odr\u017eati za:<\/p>\n<ul>\n<li>Op\u0107inu Od\u017eak, dana 28.10.2019. godine u 12,00 sati u zgradi Male vije\u0107nice u Od\u017eaku,<\/li>\n<li>Op\u0107inu Domaljevac &#8211; \u0160amac, dana 29.10.2019. godine u 12,00 sati u zgradi Skup\u0161tine \u017dupanije Posavske u Domaljevcu,<\/li>\n<li>Op\u0107inu Ora\u0161je, dana 30.10.2019. godine u 12,00 sati u zgradi Vije\u0107nice u Ora\u0161ju.<\/li>\n<\/ul>\n<p>Primjedbe, prijedloge i sugestije mo\u017eete dostaviti Ministarstvu pravosu\u0111a i uprave \u017dupanije Posavske na adresu: Trg b.b. 76 290 Od\u017eak, na e-mail adresu:\u00a0<a href=\"mailto:pravosudje@zupanijaposavska.ba\">pravosudje@zupanijaposavska.ba<\/a> \u00a0ili na telefon\/faks: 031\/762-704.<\/p>\n<p>Pozivaju se svi zainteresirani da sudjeluju u javnoj raspravi o Nacrtu Zakona o lokalnoj samoupravi \u017dupanije Posavske kako bi se na temelju primjedbi, prijedloga i sugestija pridonijelo kvalitetnoj izradi kona\u010dnog teksta Zakona.<\/p>\n<p>Nacrt zakona mo\u017eete preuzeti na sljede\u0107em <a href=\"https:\/\/skupstinazp.ba\/new\/wp-content\/uploads\/2019\/10\/ZAKON-O-LOKALNOJ-SAMOUPRAVI-Konacna-verzija.docx\">linku<\/a>:<\/p>\n<p><a href=\"https:\/\/skupstinazp.ba\/new\/wp-content\/uploads\/2019\/10\/ZAKON-O-LOKALNOJ-SAMOUPRAVI-Konacna-verzija.docx\">https:\/\/skupstinazp.ba\/new\/wp-content\/uploads\/2019\/10\/ZAKON-O-LOKALNOJ-SAMOUPRAVI-Konacna-verzija.docx<\/a><\/p>\n<p>&nbsp;<\/p>\n","protected":false},"excerpt":{"rendered":"<p>Ministarstvo pravosu\u0111a i uprave \u017dupanije Posavske je na temelju Zaklju\u010dka Skup\u0161tine \u017dupanije Posavske uputilo nacrt Zakona o lokalnoj samoupravi \u017dupanije Posavske na javnu raspravu. Javna rasprava \u0107e se odr\u017eati za: Op\u0107inu Od\u017eak, dana 28.10.2019. godine u 12,00 sati u zgradi Male vije\u0107nice u Od\u017eaku, Op\u0107inu Domaljevac &#8211; \u0160amac, dana 29.10.2019. godine u 12,00 sati u &hellip;<br \/><a href=\"https:\/\/skupstinazp.ba\/new\/javna-rasprava-7\/\" class=\"more-link pen_button pen_element_default pen_icon_arrow_double\">Nastavite \u010ditati <span class=\"screen-reader-text\">JAVNA RASPRAVA<\/span><\/a><\/p>\n","protected":false},"author":2,"featured_media":3220,"comment_status":"closed","ping_status":"closed","sticky":false,"template":"","format":"standard","meta":{"footnotes":""},"categories":[2,3],"tags":[],"class_list":["post-3888","post","type-post","status-publish","format-standard","has-post-thumbnail","hentry","category-novosti","category-obavijesti"],"_links":{"self":[{"href":"https:\/\/skupstinazp.ba\/new\/wp-json\/wp\/v2\/posts\/3888","targetHints":{"allow":["GET"]}}],"collection":[{"href":"https:\/\/skupstinazp.ba\/new\/wp-json\/wp\/v2\/posts"}],"about":[{"href":"https:\/\/skupstinazp.ba\/new\/wp-json\/wp\/v2\/types\/post"}],"author":[{"embeddable":true,"href":"https:\/\/skupstinazp.ba\/new\/wp-json\/wp\/v2\/users\/2"}],"replies":[{"embeddable":true,"href":"https:\/\/skupstinazp.ba\/new\/wp-json\/wp\/v2\/comments?post=3888"}],"version-history":[{"count":0,"href":"https:\/\/skupstinazp.ba\/new\/wp-json\/wp\/v2\/posts\/3888\/revisions"}],"wp:featuredmedia":[{"embeddable":true,"href":"https:\/\/skupstinazp.ba\/new\/wp-json\/wp\/v2\/media\/3220"}],"wp:attachment":[{"href":"https:\/\/skupstinazp.ba\/new\/wp-json\/wp\/v2\/media?parent=3888"}],"wp:term":[{"taxonomy":"category","embeddable":true,"href":"https:\/\/skupstinazp.ba\/new\/wp-json\/wp\/v2\/categories?post=3888"},{"taxonomy":"post_tag","embeddable":true,"href":"https:\/\/skupstinazp.ba\/new\/wp-json\/wp\/v2\/tags?post=3888"}],"curies":[{"name":"wp","href":"https:\/\/api.w.org\/{rel}","templated":true}]}}