{"id":3944,"date":"2020-01-09T08:39:45","date_gmt":"2020-01-09T08:09:45","guid":{"rendered":"http:\/\/skupstinazp.ba\/Nova\/?p=3944"},"modified":"2020-01-09T08:39:45","modified_gmt":"2020-01-09T08:09:45","slug":"javna-rasprava-o-nacrtu-zakona-o-odrzavanju-zajednickih-dijelova-i-uredaja-zgrade","status":"publish","type":"post","link":"https:\/\/skupstinazp.ba\/new\/javna-rasprava-o-nacrtu-zakona-o-odrzavanju-zajednickih-dijelova-i-uredaja-zgrade\/","title":{"rendered":"Javna rasprava o Nacrtu Zakona o odr\u017eavanju zajedni\u010dkih dijelova i ure\u0111aja zgrade"},"content":{"rendered":"<p>Ministarstvo gospodarstva, rada i prostornog ure\u0111enja \u017dupanije Posavske sukladno Zaklju\u010dku sa VIII. redovne sjednice Skup\u0161tine \u017dupanije Posavske o provo\u0111enju Javne rasprave na temu \u201eNacrt Zakonu o odr\u017eavanju zajedni\u010dkih dijelova i ure\u0111aja zgrade\u201c, informira zainteresiranu javnost da \u0107e se javne rasprave odr\u017eati u sljede\u0107im terminima:<br \/>\n-za op\u0107inu Ora\u0161je i Domaljevac \u2013\u0160amac, dana 21.01.2020. godine (utorak), u 11 sati u Ora\u0161ju, u sali za sjednice op\u0107inskog vije\u0107a;<br \/>\n-za op\u0107inu Od\u017eak, dana 22.01.2020. godine (srijeda) u 11 sati u Od\u017eaku, u sali za sjednice op\u0107inskog vije\u0107a.<\/p>\n<div class=\"wp-block-file\"><a href=\"http:\/\/www.zupanijaposavska.ba\/wp-content\/uploads\/2020\/01\/Nacrt-Zakona-o-odr\u017eavanju-zajedni\u010dkih-dijelova-i-ure\u0111aja-zgrade.pdf\" target=\"_blank\" rel=\"noreferrer noopener\">Ovdje mo\u017eete preuzeti Nacrt Zakona o odr\u017eavanju zajedni\u010dkih dijelova i ure\u0111aja zgrade<\/a><\/div>\n","protected":false},"excerpt":{"rendered":"<p>Ministarstvo gospodarstva, rada i prostornog ure\u0111enja \u017dupanije Posavske sukladno Zaklju\u010dku sa VIII. redovne sjednice Skup\u0161tine \u017dupanije Posavske o provo\u0111enju Javne rasprave na temu \u201eNacrt Zakonu o odr\u017eavanju zajedni\u010dkih dijelova i ure\u0111aja zgrade\u201c, informira zainteresiranu javnost da \u0107e se javne rasprave odr\u017eati u sljede\u0107im terminima: -za op\u0107inu Ora\u0161je i Domaljevac \u2013\u0160amac, dana 21.01.2020. godine (utorak), u &hellip;<br \/><a href=\"https:\/\/skupstinazp.ba\/new\/javna-rasprava-o-nacrtu-zakona-o-odrzavanju-zajednickih-dijelova-i-uredaja-zgrade\/\" class=\"more-link pen_button pen_element_default pen_icon_arrow_double\">Nastavite \u010ditati <span class=\"screen-reader-text\">Javna rasprava o Nacrtu Zakona o odr\u017eavanju zajedni\u010dkih dijelova i ure\u0111aja zgrade<\/span><\/a><\/p>\n","protected":false},"author":2,"featured_media":3308,"comment_status":"closed","ping_status":"closed","sticky":false,"template":"","format":"standard","meta":{"footnotes":""},"categories":[2,3],"tags":[],"class_list":["post-3944","post","type-post","status-publish","format-standard","has-post-thumbnail","hentry","category-novosti","category-obavijesti"],"_links":{"self":[{"href":"https:\/\/skupstinazp.ba\/new\/wp-json\/wp\/v2\/posts\/3944","targetHints":{"allow":["GET"]}}],"collection":[{"href":"https:\/\/skupstinazp.ba\/new\/wp-json\/wp\/v2\/posts"}],"about":[{"href":"https:\/\/skupstinazp.ba\/new\/wp-json\/wp\/v2\/types\/post"}],"author":[{"embeddable":true,"href":"https:\/\/skupstinazp.ba\/new\/wp-json\/wp\/v2\/users\/2"}],"replies":[{"embeddable":true,"href":"https:\/\/skupstinazp.ba\/new\/wp-json\/wp\/v2\/comments?post=3944"}],"version-history":[{"count":0,"href":"https:\/\/skupstinazp.ba\/new\/wp-json\/wp\/v2\/posts\/3944\/revisions"}],"wp:featuredmedia":[{"embeddable":true,"href":"https:\/\/skupstinazp.ba\/new\/wp-json\/wp\/v2\/media\/3308"}],"wp:attachment":[{"href":"https:\/\/skupstinazp.ba\/new\/wp-json\/wp\/v2\/media?parent=3944"}],"wp:term":[{"taxonomy":"category","embeddable":true,"href":"https:\/\/skupstinazp.ba\/new\/wp-json\/wp\/v2\/categories?post=3944"},{"taxonomy":"post_tag","embeddable":true,"href":"https:\/\/skupstinazp.ba\/new\/wp-json\/wp\/v2\/tags?post=3944"}],"curies":[{"name":"wp","href":"https:\/\/api.w.org\/{rel}","templated":true}]}}