{"id":3959,"date":"2020-02-13T12:35:05","date_gmt":"2020-02-13T12:05:05","guid":{"rendered":"http:\/\/skupstinazp.ba\/Nova\/?p=3959"},"modified":"2020-02-13T12:35:05","modified_gmt":"2020-02-13T12:05:05","slug":"3959-2","status":"publish","type":"post","link":"https:\/\/skupstinazp.ba\/new\/3959-2\/","title":{"rendered":"PRIOP\u0106ENJE ZA JAVNOST S X. SJEDNICE SKUP\u0160TINE \u017dUPANIJE POSAVSKE"},"content":{"rendered":"<p>DOMALJEVAC \u2013 Skup\u0161tina \u017dupanije Posavske na X. redovitoj sjednici, odr\u017eanoj 13. 2. 2020. godine razmatrala je i usvojila Izvje\u0161\u0107e o radu Skup\u0161tine \u017dupanije Posavske za 2019. godinu, Program rada Skup\u0161tine \u017dupanije Posavske za 2020. godinu i Program rada Vlade \u017dupanije Posavske za 2020. godinu.<img loading=\"lazy\" decoding=\"async\" class=\"alignleft size-medium wp-image-3965\" src=\"https:\/\/skupstinazp.ba\/new\/wp-content\/uploads\/2020\/02\/596585B1-3214-4873-A524-DB9BF2D440AF-300x169.jpeg\" alt=\"\" width=\"300\" height=\"169\" srcset=\"https:\/\/skupstinazp.ba\/new\/wp-content\/uploads\/2020\/02\/596585B1-3214-4873-A524-DB9BF2D440AF-300x169.jpeg 300w, https:\/\/skupstinazp.ba\/new\/wp-content\/uploads\/2020\/02\/596585B1-3214-4873-A524-DB9BF2D440AF-1024x576.jpeg 1024w, https:\/\/skupstinazp.ba\/new\/wp-content\/uploads\/2020\/02\/596585B1-3214-4873-A524-DB9BF2D440AF-768x432.jpeg 768w, https:\/\/skupstinazp.ba\/new\/wp-content\/uploads\/2020\/02\/596585B1-3214-4873-A524-DB9BF2D440AF-1536x864.jpeg 1536w, https:\/\/skupstinazp.ba\/new\/wp-content\/uploads\/2020\/02\/596585B1-3214-4873-A524-DB9BF2D440AF-2048x1152.jpeg 2048w, https:\/\/skupstinazp.ba\/new\/wp-content\/uploads\/2020\/02\/596585B1-3214-4873-A524-DB9BF2D440AF-1568x882.jpeg 1568w\" sizes=\"auto, (max-width: 300px) 100vw, 300px\" \/><\/p>\n<p>Zastupnici su tako\u0111er primili k znanju Informaciju o radu Kantonalnog tu\u017eiteljstva za 2019. godinu, Informaciju o radu Kantonalnog suda u Od\u017eaku za 2019. godinu i Informaciju o radu Op\u0107inskog suda u Ora\u0161ju za 2019. godinu.<\/p>\n<p>Zastupni\u010dka pitanja i inicijative postavili su i pokrenuli zastupnici: Elvis \u017divkovi\u0107, Drago Ze\u010devi\u0107 i Barbara \u0106o\u0161kovi\u0107.<\/p>\n<p>Dana 12. 2. 2020. godine svoje VIII. sjednice su odr\u017eali skup\u0161tinski odbori &#8211; Odbor za Ustav, Poslovnik i zakonodavstvo, Odbor za gospodarsvo, financije i prora\u010dun i Odbor za dru\u0161tvene djelatnosti.<\/p>\n<p style=\"text-align: right;\"><strong>Stru\u010dna slu\u017eba Skup\u0161tine<\/strong><\/p>\n<p>Slijedi Audio zapis:<\/p>\n<p><script type=\"text\/javascript\">var zippywww=\"85\";var zippyfile=\"apmsoLxK\";var zippytext=\"#000000\";var zippyback=\"#e8e8e8\";var zippyplay=\"#ff6600\";var zippywidth=450;var zippyauto=false;var zippyvol=40;var zippywave = \"#000000\";var zippyborder = \"#cccccc\";<\/script><script type=\"text\/javascript\" src=\"\/\/api.zippyshare.com\/api\/embed_new.js\"><\/script><\/p>\n","protected":false},"excerpt":{"rendered":"<p>DOMALJEVAC \u2013 Skup\u0161tina \u017dupanije Posavske na X. redovitoj sjednici, odr\u017eanoj 13. 2. 2020. godine razmatrala je i usvojila Izvje\u0161\u0107e o radu Skup\u0161tine \u017dupanije Posavske za 2019. godinu, Program rada Skup\u0161tine \u017dupanije Posavske za 2020. godinu i Program rada Vlade \u017dupanije Posavske za 2020. godinu. Zastupnici su tako\u0111er primili k znanju Informaciju o radu Kantonalnog tu\u017eiteljstva &hellip;<br \/><a href=\"https:\/\/skupstinazp.ba\/new\/3959-2\/\" class=\"more-link pen_button pen_element_default pen_icon_arrow_double\">Nastavite \u010ditati <span class=\"screen-reader-text\">PRIOP\u0106ENJE ZA JAVNOST S X. SJEDNICE SKUP\u0160TINE \u017dUPANIJE POSAVSKE<\/span><\/a><\/p>\n","protected":false},"author":2,"featured_media":3964,"comment_status":"closed","ping_status":"closed","sticky":false,"template":"","format":"standard","meta":{"footnotes":""},"categories":[2,3],"tags":[],"class_list":["post-3959","post","type-post","status-publish","format-standard","has-post-thumbnail","hentry","category-novosti","category-obavijesti"],"_links":{"self":[{"href":"https:\/\/skupstinazp.ba\/new\/wp-json\/wp\/v2\/posts\/3959","targetHints":{"allow":["GET"]}}],"collection":[{"href":"https:\/\/skupstinazp.ba\/new\/wp-json\/wp\/v2\/posts"}],"about":[{"href":"https:\/\/skupstinazp.ba\/new\/wp-json\/wp\/v2\/types\/post"}],"author":[{"embeddable":true,"href":"https:\/\/skupstinazp.ba\/new\/wp-json\/wp\/v2\/users\/2"}],"replies":[{"embeddable":true,"href":"https:\/\/skupstinazp.ba\/new\/wp-json\/wp\/v2\/comments?post=3959"}],"version-history":[{"count":0,"href":"https:\/\/skupstinazp.ba\/new\/wp-json\/wp\/v2\/posts\/3959\/revisions"}],"wp:featuredmedia":[{"embeddable":true,"href":"https:\/\/skupstinazp.ba\/new\/wp-json\/wp\/v2\/media\/3964"}],"wp:attachment":[{"href":"https:\/\/skupstinazp.ba\/new\/wp-json\/wp\/v2\/media?parent=3959"}],"wp:term":[{"taxonomy":"category","embeddable":true,"href":"https:\/\/skupstinazp.ba\/new\/wp-json\/wp\/v2\/categories?post=3959"},{"taxonomy":"post_tag","embeddable":true,"href":"https:\/\/skupstinazp.ba\/new\/wp-json\/wp\/v2\/tags?post=3959"}],"curies":[{"name":"wp","href":"https:\/\/api.w.org\/{rel}","templated":true}]}}