{"id":4286,"date":"2021-03-17T10:04:37","date_gmt":"2021-03-17T09:34:37","guid":{"rendered":"http:\/\/skupstinazp.ba\/Nova\/?p=4286"},"modified":"2021-03-17T10:04:37","modified_gmt":"2021-03-17T09:34:37","slug":"press-konferencija-predsjednika-skupstine-blaza-zuparica","status":"publish","type":"post","link":"https:\/\/skupstinazp.ba\/new\/press-konferencija-predsjednika-skupstine-blaza-zuparica\/","title":{"rendered":"Press konferencija predsjednika Skup\u0161tine Bla\u017ea \u017dupari\u0107a"},"content":{"rendered":"<p>Nakon XVII. zasjedanja Skup\u0161tine \u017dupanije Posavske u Domaljevcu press konferenciju je odr\u017eao predsjednik Skup\u0161tine \u017dP Bla\u017e \u017dupari\u0107. U obra\u0107anju novinarima osvrnuo se na to\u010dke dnevnoga reda te uz ostalo kazao:<br \/>\n-Posljednje skup\u0161tinsko zasjedanje bilo je u znaku 9 to\u010daka dnevnog reda. Izdvojio bih dono\u0161enje va\u017enog i kvalitetno ura\u0111enog Zakona o pravobraniteljstvu koji donosi novi pravni okvir za tu zna\u010dajnu oblast. Zakon je pro\u0161ao proceduru javne rasprave i u redovitom roku je do\u0161ao pred zastupnike, te je jednoglasno usvojen. Usvojeno Izvje\u0161\u0107e o radu neovisnog odbora pro\u0161lo je bez rasprave, a radi se o skup\u0161tinskom tijelu koje vodi ra\u010duna o radu komesara i op\u0107enito policije, te upu\u0107uje i daje sugestije na rad komesara, ocjenjuje njegov rad i ostale poslove.<br \/>\nNagla\u0161avam usvojeno Izvje\u0161\u0107e o radu Vlade. Detaljno pripremljen dokument je ura\u0111en na 135 stranica. Profesionalno je i korektno ura\u0111en, te obra\u0111en rad Vlade i ministarstava u pro\u0161loj 2020. godini. Radi se o jednoj te\u0161koj godini u kojoj je Vlada, usudim se kazati, a to su i zastupnici potvrdili, polo\u017eila ispit jer ono \u0161to je radila, radila je transparentno, nosila se s krizom COVID-19, poku\u0161ala je i mislim u tome i uspjela spasiti gospodarstvo te odr\u017eati zdravstveni sustav u te\u0161kim okolnostima rada. Vlada je realizirala svoj plan u te\u0161koj i izazovnoj godini, ispunila je svoju zada\u0107u gdje su bili prepoznati svi korisnici prora\u010duna, a nadasve posebna pozornost je posve\u0107ena bila gospodarstvu i zdravstvu. 1074 subjekta dobili su odre\u0111ene potpore zbog toga \u0161to u odre\u0111enom razdoblju nisu radili \u010dime su spa\u0161ena brojna radna mjesta. Naravno da u pro\u0161loj godini punjenje prora\u010duna nije bilo o\u010dekivano, ali uz sredstva MMF smo uspjeli okon\u010dati pro\u0161lu godinu na zadovoljavaju\u0107i na\u010din. \u010cak \u0161to vi\u0161e, bilo je i aktivnosti te potpora op\u0107inama u sastavu \u017dupanije Posavske da bi digli svoju infrastrukturu na jednu vi\u0161u razinu. Dakle izvr\u0161enje prora\u010duna koje se ina\u010de donosi za svaku godinu je bilo u onoj dinamici kako je to i zacrtano, mislim da tu nije bilo ve\u0107ih pote\u0161ko\u0107a, \u0161to tako\u0111er zna\u010di daje zapravo Vlada dobro planirala i usmjeravala sredstva.<img loading=\"lazy\" decoding=\"async\" class=\"alignleft size-medium wp-image-4287\" src=\"https:\/\/skupstinazp.ba\/new\/wp-content\/uploads\/2021\/03\/ova1-1-300x225.jpg\" alt=\"\" width=\"300\" height=\"225\" \/><br \/>\nRaspravljali smo o va\u017enom dokumentu za razvoj \u017dP u vremenu od 2020.-2025. godine, Planu upravljanja otpadom koji su radili stru\u010dni timovi zajedno sa Fondom za za\u0161titu okoli\u0161a i Ministarstvom prometa, veza i za\u0161tite okoli\u0161a. Dokument \u0107e u mnogome pomo\u0107i da na\u0161e op\u0107ine na jedan bolji i transparentniji na\u010din urede ovo podru\u010dje koje je, moramo priznati, i nije na najbolji na\u010din do sada ura\u0111eno. Donesenim Planom iz ove oblasti bit \u0107e mogu\u0107nosti da se preko op\u0107ina koriste odre\u0111ena sredstva fondova, kako i Fonda za za\u0161titu okoli\u0161a te i fondova Europske kako bi se u tom podru\u010dju napravi jedan iskorak.<br \/>\nIsto tako imenovali smo novog ministra financija budu\u0107i je ministrica oti\u0161la na drugu du\u017enost koncem pro\u0161le godine. Radi se o novom ministru financija Miji Stani\u0107u, kvalitetnom kadru koji poznaje financije i odgovornoj osobi.<br \/>\nZastupnici su kroz informaciju upoznati sa radom \u017eupanijskog Tu\u017eiteljstva te radom Op\u0107inskog suda. Mo\u017eemo biti zadovoljni s radom na\u0161ih pravosudnih institucija, izjavio je predsjednik Skup\u0161tine \u017dP Bla\u017e \u017dupari\u0107.<\/p>\n","protected":false},"excerpt":{"rendered":"<p>Nakon XVII. zasjedanja Skup\u0161tine \u017dupanije Posavske u Domaljevcu press konferenciju je odr\u017eao predsjednik Skup\u0161tine \u017dP Bla\u017e \u017dupari\u0107. U obra\u0107anju novinarima osvrnuo se na to\u010dke dnevnoga reda te uz ostalo kazao: -Posljednje skup\u0161tinsko zasjedanje bilo je u znaku 9 to\u010daka dnevnog reda. Izdvojio bih dono\u0161enje va\u017enog i kvalitetno ura\u0111enog Zakona o pravobraniteljstvu koji donosi novi pravni &hellip;<br \/><a href=\"https:\/\/skupstinazp.ba\/new\/press-konferencija-predsjednika-skupstine-blaza-zuparica\/\" class=\"more-link pen_button pen_element_default pen_icon_arrow_double\">Nastavite \u010ditati <span class=\"screen-reader-text\">Press konferencija predsjednika Skup\u0161tine Bla\u017ea \u017dupari\u0107a<\/span><\/a><\/p>\n","protected":false},"author":2,"featured_media":4333,"comment_status":"closed","ping_status":"closed","sticky":false,"template":"","format":"standard","meta":{"footnotes":""},"categories":[2,3],"tags":[],"class_list":["post-4286","post","type-post","status-publish","format-standard","has-post-thumbnail","hentry","category-novosti","category-obavijesti"],"_links":{"self":[{"href":"https:\/\/skupstinazp.ba\/new\/wp-json\/wp\/v2\/posts\/4286","targetHints":{"allow":["GET"]}}],"collection":[{"href":"https:\/\/skupstinazp.ba\/new\/wp-json\/wp\/v2\/posts"}],"about":[{"href":"https:\/\/skupstinazp.ba\/new\/wp-json\/wp\/v2\/types\/post"}],"author":[{"embeddable":true,"href":"https:\/\/skupstinazp.ba\/new\/wp-json\/wp\/v2\/users\/2"}],"replies":[{"embeddable":true,"href":"https:\/\/skupstinazp.ba\/new\/wp-json\/wp\/v2\/comments?post=4286"}],"version-history":[{"count":0,"href":"https:\/\/skupstinazp.ba\/new\/wp-json\/wp\/v2\/posts\/4286\/revisions"}],"wp:featuredmedia":[{"embeddable":true,"href":"https:\/\/skupstinazp.ba\/new\/wp-json\/wp\/v2\/media\/4333"}],"wp:attachment":[{"href":"https:\/\/skupstinazp.ba\/new\/wp-json\/wp\/v2\/media?parent=4286"}],"wp:term":[{"taxonomy":"category","embeddable":true,"href":"https:\/\/skupstinazp.ba\/new\/wp-json\/wp\/v2\/categories?post=4286"},{"taxonomy":"post_tag","embeddable":true,"href":"https:\/\/skupstinazp.ba\/new\/wp-json\/wp\/v2\/tags?post=4286"}],"curies":[{"name":"wp","href":"https:\/\/api.w.org\/{rel}","templated":true}]}}