{"id":435,"date":"2012-03-12T18:15:13","date_gmt":"2012-03-12T18:15:13","guid":{"rendered":"http:\/\/skupstinazp.ba\/?p=435"},"modified":"2012-03-12T18:15:13","modified_gmt":"2012-03-12T18:15:13","slug":"posjet-ucenika-ss-pere-zecevica-iz-odzaka","status":"publish","type":"post","link":"https:\/\/skupstinazp.ba\/new\/posjet-ucenika-ss-pere-zecevica-iz-odzaka\/","title":{"rendered":"Posjet u\u010denika S\u0160 Pere Ze\u010devi\u0107a iz Od\u017eaka"},"content":{"rendered":"<p style=\"text-align: center;\"><a href=\"http:\/\/skupstinazp.ba\/wp-content\/uploads\/2012\/03\/SZP-CIVITAS-NASLOVNA.jpg\"><img loading=\"lazy\" decoding=\"async\" class=\"aligncenter  wp-image-436\" title=\"OLYMPUS DIGITAL CAMERA\" src=\"http:\/\/skupstinazp.ba\/wp-content\/uploads\/2012\/03\/SZP-CIVITAS-NASLOVNA-1024x768.jpg\" alt=\"\" width=\"500\" height=\"333\" \/><\/a><\/p>\n<p>DOMALJEVAC &#8211; U\u010denici srednje \u0161kole Pere Ze\u010devi\u0107a iz Od\u017eaka posjetili su Skup\u0161tinu \u017dupanije Posavske kako bi se informirala o radu skup\u0161tine, <!--more Pro\u010ditaj vi\u0161e --> a u sklopu priprema za ovogodi\u0161nji rad u sklopu natjecanja iz programa Civitasa, primili su ih predsjednik i dopredsjednik Skup\u0161tine \u017dupanije posavske, profesor Mario Jurki\u0107 i Anes Osmanovi\u0107.<\/p>\n<p>Pitanja na koja su mladi tra\u017eili odgovore su vezana uz zastupljenost mladih u organima, savjetima, vije\u0107ima skup\u0161tini, koliko mladih obna\u0161a vode\u0107e funkcije u organima vlasti, koliko se projekti mladih podupiru prora\u010dunskim sredstvima. Mlade je zanimalo jesu li njihove ideje dobrodo\u0161le organima vlasti, ali i politi\u010dkim strankama. Potom su zapitali predsjednika i dopredsjednika Skup\u0161tine \u017dupanije Posavske o njihovom stavu kada se radi o osposobljenosti mladih za pokretanje inicijativa na odre\u0111enim razinama vlasti i koliko kvalitetno organizacije mladih rade i mogu li uop\u0107e utjecati na razine vlasti.<\/p>\n<p style=\"text-align: center;\"><a href=\"http:\/\/skupstinazp.ba\/wp-content\/uploads\/2012\/03\/SZP-CIVITAS-DRUGA-STRANICA.jpg\"><img loading=\"lazy\" decoding=\"async\" class=\"aligncenter  wp-image-437\" title=\"OLYMPUS DIGITAL CAMERA\" src=\"http:\/\/skupstinazp.ba\/wp-content\/uploads\/2012\/03\/SZP-CIVITAS-DRUGA-STRANICA-1024x768.jpg\" \nalt=\"\" width=\"500\" height=\"333\" \/><\/a><\/p>\n<p>Predsjednik Jurki\u0107 i dopredsjednik Osmanovi\u0107 su odgovarali na u\u010deni\u010dka pitanja, nakon \u010dega su se zadr\u017eali i u razgovoru o uvjetima \u0161kolovanja i drugim problemima mladih.<\/p>\n","protected":false},"excerpt":{"rendered":"<p>DOMALJEVAC &#8211; U\u010denici srednje \u0161kole Pere Ze\u010devi\u0107a iz Od\u017eaka posjetili su Skup\u0161tinu \u017dupanije Posavske kako bi se informirala o radu skup\u0161tine,<\/p>\n","protected":false},"author":2,"featured_media":0,"comment_status":"open","ping_status":"closed","sticky":false,"template":"","format":"standard","meta":{"footnotes":""},"categories":[2],"tags":[],"class_list":["post-435","post","type-post","status-publish","format-standard","hentry","category-novosti"],"_links":{"self":[{"href":"https:\/\/skupstinazp.ba\/new\/wp-json\/wp\/v2\/posts\/435","targetHints":{"allow":["GET"]}}],"collection":[{"href":"https:\/\/skupstinazp.ba\/new\/wp-json\/wp\/v2\/posts"}],"about":[{"href":"https:\/\/skupstinazp.ba\/new\/wp-json\/wp\/v2\/types\/post"}],"author":[{"embeddable":true,"href":"https:\/\/skupstinazp.ba\/new\/wp-json\/wp\/v2\/users\/2"}],"replies":[{"embeddable":true,"href":"https:\/\/skupstinazp.ba\/new\/wp-json\/wp\/v2\/comments?post=435"}],"version-history":[{"count":0,"href":"https:\/\/skupstinazp.ba\/new\/wp-json\/wp\/v2\/posts\/435\/revisions"}],"wp:attachment":[{"href":"https:\/\/skupstinazp.ba\/new\/wp-json\/wp\/v2\/media?parent=435"}],"wp:term":[{"taxonomy":"category","embeddable":true,"href":"https:\/\/skupstinazp.ba\/new\/wp-json\/wp\/v2\/categories?post=435"},{"taxonomy":"post_tag","embeddable":true,"href":"https:\/\/skupstinazp.ba\/new\/wp-json\/wp\/v2\/tags?post=435"}],"curies":[{"name":"wp","href":"https:\/\/api.w.org\/{rel}","templated":true}]}}