{"id":440,"date":"2012-03-30T22:52:44","date_gmt":"2012-03-30T22:52:44","guid":{"rendered":"http:\/\/skupstinazp.ba\/?p=440"},"modified":"2012-03-30T22:52:44","modified_gmt":"2012-03-30T22:52:44","slug":"susret-s-novinarima","status":"publish","type":"post","link":"https:\/\/skupstinazp.ba\/new\/susret-s-novinarima\/","title":{"rendered":"Susret s novinarima"},"content":{"rendered":"<p style=\"text-align: center;\"><a href=\"http:\/\/skupstinazp.ba\/wp-content\/uploads\/2012\/03\/nov1.jpg\"><img loading=\"lazy\" decoding=\"async\" class=\"aligncenter  wp-image-442\" title=\"nov\" src=\"http:\/\/skupstinazp.ba\/wp-content\/uploads\/2012\/03\/nov1.jpg\" alt=\"\" width=\"500\" height=\"380\" \/><\/a><\/p>\n<p>ORA\u0160JE \u2013 Radni uvjeti novinara i tehni\u010dkih ekipa Javnog RTV servisa bile su razlogom posjeta predsjednika i dopredsjednika Skup\u0161tine \u017dupanije Posavske prof. Maria Jurki\u0107a i Anesa Osmanovi\u0107a Informativno-tehni\u010dkom centru BHRT-a u Ora\u0161ju.<br \/>\n<!--more Pro\u010ditaj vi\u0161e --><br \/>\nOni su upoznati da u Centru rade ekipe BHRT-a i FTV-a. Centar jo\u0161 nije u potpunosti opremljen. Nedostaje linkovski sustav uvezivanja prema centrali Javnog servisa BiH u Sarajevu. Uvezivanje je u planu, \u010dim se pokrene aktivnost digitalizacije signala unutar BiH.<\/p>\n<p>Predsjednik i dopredsjednik Skup\u0161tine Jurki\u0107 i Osmanovi\u0107 za\u017eeljeli su ekipama Javnog servisa uspje\u0161an i produktivan rad na upoznavanju javnosti s aktualnostima u \u017dupaniji Posavskoj.<\/p>\n","protected":false},"excerpt":{"rendered":"<p>ORA\u0160JE \u2013 Radni uvjeti novinara i tehni\u010dkih ekipa Javnog RTV servisa bile su razlogom posjeta predsjednika i dopredsjednika Skup\u0161tine \u017dupanije Posavske prof. Maria Jurki\u0107a i Anesa Osmanovi\u0107a Informativno-tehni\u010dkom centru BHRT-a u Ora\u0161ju.<\/p>\n","protected":false},"author":2,"featured_media":0,"comment_status":"open","ping_status":"closed","sticky":false,"template":"","format":"standard","meta":{"footnotes":""},"categories":[3],"tags":[8,13,20,29,56,63,80],"class_list":["post-440","post","type-post","status-publish","format-standard","hentry","category-obavijesti","tag-8","tag-bih","tag-domaljevac","tag-hdz","tag-politika-2","tag-radio","tag-vijesti"],"_links":{"self":[{"href":"https:\/\/skupstinazp.ba\/new\/wp-json\/wp\/v2\/posts\/440","targetHints":{"allow":["GET"]}}],"collection":[{"href":"https:\/\/skupstinazp.ba\/new\/wp-json\/wp\/v2\/posts"}],"about":[{"href":"https:\/\/skupstinazp.ba\/new\/wp-json\/wp\/v2\/types\/post"}],"author":[{"embeddable":true,"href":"https:\/\/skupstinazp.ba\/new\/wp-json\/wp\/v2\/users\/2"}],"replies":[{"embeddable":true,"href":"https:\/\/skupstinazp.ba\/new\/wp-json\/wp\/v2\/comments?post=440"}],"version-history":[{"count":0,"href":"https:\/\/skupstinazp.ba\/new\/wp-json\/wp\/v2\/posts\/440\/revisions"}],"wp:attachment":[{"href":"https:\/\/skupstinazp.ba\/new\/wp-json\/wp\/v2\/media?parent=440"}],"wp:term":[{"taxonomy":"category","embeddable":true,"href":"https:\/\/skupstinazp.ba\/new\/wp-json\/wp\/v2\/categories?post=440"},{"taxonomy":"post_tag","embeddable":true,"href":"https:\/\/skupstinazp.ba\/new\/wp-json\/wp\/v2\/tags?post=440"}],"curies":[{"name":"wp","href":"https:\/\/api.w.org\/{rel}","templated":true}]}}