{"id":446,"date":"2012-03-30T23:02:35","date_gmt":"2012-03-30T23:02:35","guid":{"rendered":"http:\/\/skupstinazp.ba\/?p=446"},"modified":"2012-03-30T23:02:35","modified_gmt":"2012-03-30T23:02:35","slug":"u-posjeti-zavodu-zdravstvenog-osiguranja-zupanije-posavske","status":"publish","type":"post","link":"https:\/\/skupstinazp.ba\/new\/u-posjeti-zavodu-zdravstvenog-osiguranja-zupanije-posavske\/","title":{"rendered":"U posjeti Zavodu zdravstvenog osiguranja \u017dupanije Posavske"},"content":{"rendered":"<p>&nbsp;<\/p>\n<p><img loading=\"lazy\" decoding=\"async\" class=\"aligncenter  wp-image-457\" title=\"Picture 189\" src=\"http:\/\/skupstinazp.ba\/wp-content\/uploads\/2012\/03\/Picture-189-1024x575.jpg\" alt=\"\" width=\"500\" height=\"300\" \/><\/p>\n<p style=\"text-align: left;\">OD\u017dAK \u2013 Predsjednik i dopredsjednik Skup\u0161tine \u017dupanije Posavske prof. Mario Jurki\u0107 i Anes Osmanovi\u0107 posjetili su sjedi\u0161te Zavoda zdravstvenog osiguranja \u017dupanije Posavske.<br \/>\n<!--more Pro\u010ditaj vi\u0161e --><br \/>\nU razgovoru s v.d. ravnateljem Zavoda Slavkom Vuki\u0107em doznali su o aktualnoj problematici rada Zavoda. Istaknut je problem slabijeg materijalnog stanja \u017dupanije Posavske i probleme u pla\u0107anju usluga prema Republici Hrvatskoj, ali i bolnicama u BiH.<\/p>\n<p style=\"text-align: left;\">U razgovoru je dotaknuto i pitanje reorganizacije zdravstva u \u017dupanji Posavskoj. Dogovoren je niz sastanaka pod pokroviteljstvom predsjednika i dopredsjednika Skup\u0161tine \u017dupanije Posavske u Domaljevcu u cilju razrje\u0161enja dijela problema koji nastaju izme\u0111u Zavoda s jedne i domova zdravlja i Op\u0107e bolnice u Ora\u0161ju s druge strane.<\/p>\n<p style=\"text-align: left;\">Nakon tih sastanaka razmotrit \u0107e se potreba sazivanja izvanredne tematske sjednice Skup\u0161tine \u017dupanije Posavske na kojoj \u0107e se iznijeti problemi i zajedni\u010dki stavovi zdravstvenih ustanova u okviru \u017dupanije Posavske.<\/p>\n","protected":false},"excerpt":{"rendered":"<p>&nbsp; OD\u017dAK \u2013 Predsjednik i dopredsjednik Skup\u0161tine \u017dupanije Posavske prof. Mario Jurki\u0107 i Anes Osmanovi\u0107 posjetili su sjedi\u0161te Zavoda zdravstvenog osiguranja \u017dupanije Posavske.<\/p>\n","protected":false},"author":2,"featured_media":0,"comment_status":"open","ping_status":"closed","sticky":false,"template":"","format":"standard","meta":{"footnotes":""},"categories":[2],"tags":[9,13,20,29,60,76,87],"class_list":["post-446","post","type-post","status-publish","format-standard","hentry","category-novosti","tag-1990-skupstina","tag-bih","tag-domaljevac","tag-hdz","tag-posavske","tag-szp","tag-zupanije"],"_links":{"self":[{"href":"https:\/\/skupstinazp.ba\/new\/wp-json\/wp\/v2\/posts\/446","targetHints":{"allow":["GET"]}}],"collection":[{"href":"https:\/\/skupstinazp.ba\/new\/wp-json\/wp\/v2\/posts"}],"about":[{"href":"https:\/\/skupstinazp.ba\/new\/wp-json\/wp\/v2\/types\/post"}],"author":[{"embeddable":true,"href":"https:\/\/skupstinazp.ba\/new\/wp-json\/wp\/v2\/users\/2"}],"replies":[{"embeddable":true,"href":"https:\/\/skupstinazp.ba\/new\/wp-json\/wp\/v2\/comments?post=446"}],"version-history":[{"count":0,"href":"https:\/\/skupstinazp.ba\/new\/wp-json\/wp\/v2\/posts\/446\/revisions"}],"wp:attachment":[{"href":"https:\/\/skupstinazp.ba\/new\/wp-json\/wp\/v2\/media?parent=446"}],"wp:term":[{"taxonomy":"category","embeddable":true,"href":"https:\/\/skupstinazp.ba\/new\/wp-json\/wp\/v2\/categories?post=446"},{"taxonomy":"post_tag","embeddable":true,"href":"https:\/\/skupstinazp.ba\/new\/wp-json\/wp\/v2\/tags?post=446"}],"curies":[{"name":"wp","href":"https:\/\/api.w.org\/{rel}","templated":true}]}}