{"id":451,"date":"2012-04-04T09:10:39","date_gmt":"2012-04-04T09:10:39","guid":{"rendered":"http:\/\/skupstinazp.ba\/?p=451"},"modified":"2012-04-04T09:10:39","modified_gmt":"2012-04-04T09:10:39","slug":"cestitka-povodom-dana-hvo-a","status":"publish","type":"post","link":"https:\/\/skupstinazp.ba\/new\/cestitka-povodom-dana-hvo-a\/","title":{"rendered":"\u010cestitka povodom dana HVO-a"},"content":{"rendered":"<p><a href=\"http:\/\/skupstinazp.ba\/wp-content\/uploads\/2012\/04\/2hzr37o.jpg\"><img loading=\"lazy\" decoding=\"async\" class=\"aligncenter size-full wp-image-452\" title=\"2hzr37o\" src=\"http:\/\/skupstinazp.ba\/wp-content\/uploads\/2012\/04\/2hzr37o.jpg\" alt=\"\" width=\"430\" height=\"262\" srcset=\"https:\/\/skupstinazp.ba\/new\/wp-content\/uploads\/2012\/04\/2hzr37o.jpg 430w, https:\/\/skupstinazp.ba\/new\/wp-content\/uploads\/2012\/04\/2hzr37o-300x183.jpg 300w\" sizes=\"auto, (max-width: 430px) 100vw, 430px\" \/><\/a><br \/>\nSvim pripadnicima HVO-a, u ime Skup\u0161tine \u017dupanije Posavske i svoje osobno ime \u010destitam dana\u0161nji dan utemeljenja HVO-a HZ HB. <!--more Pro\u010ditaj vi\u0161e --><\/p>\n<p>&nbsp;<\/p>\n<p style=\"text-align: right;\">\u00a0\u00a0\u00a0\u00a0\u00a0\u00a0\u00a0\u00a0\u00a0\u00a0\u00a0\u00a0\u00a0\u00a0\u00a0\u00a0\u00a0\u00a0\u00a0\u00a0\u00a0\u00a0\u00a0\u00a0\u00a0\u00a0\u00a0\u00a0\u00a0\u00a0\u00a0\u00a0\u00a0\u00a0\u00a0\u00a0\u00a0\u00a0\u00a0\u00a0\u00a0\u00a0\u00a0\u00a0\u00a0\u00a0\u00a0\u00a0\u00a0\u00a0\u00a0\u00a0\u00a0\u00a0\u00a0\u00a0\u00a0\u00a0\u00a0\u00a0\u00a0\u00a0\u00a0\u00a0\u00a0\u00a0\u00a0\u00a0\u00a0\u00a0\u00a0\u00a0\u00a0\u00a0\u00a0\u00a0 Predsjednik Skup\u0161tine \u017dupanije Posavske<\/p>\n<p style=\"text-align: right;\">\u00a0 \u00a0 \u00a0 \u00a0 \u00a0 \u00a0 \u00a0 \u00a0 \u00a0 \u00a0 \u00a0 \u00a0 \u00a0 \u00a0 \u00a0 \u00a0 \u00a0 \u00a0 \u00a0 \u00a0 \u00a0 \u00a0 \u00a0 \u00a0 \u00a0 \u00a0 \u00a0 \u00a0 \u00a0 \u00a0 \u00a0 \u00a0 \u00a0 \u00a0 \u00a0 \u00a0 \u00a0 \u00a0 \u00a0 \u00a0 \u00a0 \u00a0 \u00a0 \u00a0 \u00a0 \u00a0 \u00a0 \u00a0 \u00a0 Mario Jurki\u0107, prof.<\/p>\n","protected":false},"excerpt":{"rendered":"<p>Svim pripadnicima HVO-a, u ime Skup\u0161tine \u017dupanije Posavske i svoje osobno ime \u010destitam dana\u0161nji dan utemeljenja HVO-a HZ HB.<\/p>\n","protected":false},"author":2,"featured_media":0,"comment_status":"open","ping_status":"closed","sticky":false,"template":"","format":"standard","meta":{"footnotes":""},"categories":[3],"tags":[33,34,60,71,87],"class_list":["post-451","post","type-post","status-publish","format-standard","hentry","category-obavijesti","tag-hvo","tag-hz","tag-posavske","tag-skupstina","tag-zupanije"],"_links":{"self":[{"href":"https:\/\/skupstinazp.ba\/new\/wp-json\/wp\/v2\/posts\/451","targetHints":{"allow":["GET"]}}],"collection":[{"href":"https:\/\/skupstinazp.ba\/new\/wp-json\/wp\/v2\/posts"}],"about":[{"href":"https:\/\/skupstinazp.ba\/new\/wp-json\/wp\/v2\/types\/post"}],"author":[{"embeddable":true,"href":"https:\/\/skupstinazp.ba\/new\/wp-json\/wp\/v2\/users\/2"}],"replies":[{"embeddable":true,"href":"https:\/\/skupstinazp.ba\/new\/wp-json\/wp\/v2\/comments?post=451"}],"version-history":[{"count":0,"href":"https:\/\/skupstinazp.ba\/new\/wp-json\/wp\/v2\/posts\/451\/revisions"}],"wp:attachment":[{"href":"https:\/\/skupstinazp.ba\/new\/wp-json\/wp\/v2\/media?parent=451"}],"wp:term":[{"taxonomy":"category","embeddable":true,"href":"https:\/\/skupstinazp.ba\/new\/wp-json\/wp\/v2\/categories?post=451"},{"taxonomy":"post_tag","embeddable":true,"href":"https:\/\/skupstinazp.ba\/new\/wp-json\/wp\/v2\/tags?post=451"}],"curies":[{"name":"wp","href":"https:\/\/api.w.org\/{rel}","templated":true}]}}