{"id":462,"date":"2012-04-04T09:07:46","date_gmt":"2012-04-04T09:07:46","guid":{"rendered":"http:\/\/skupstinazp.ba\/?p=462"},"modified":"2012-04-04T09:07:46","modified_gmt":"2012-04-04T09:07:46","slug":"sastanak-s-predsjednikom-saveza-samostalnih-sindikata","status":"publish","type":"post","link":"https:\/\/skupstinazp.ba\/new\/sastanak-s-predsjednikom-saveza-samostalnih-sindikata\/","title":{"rendered":"Sastanak s predsjednikom Saveza samostalnih sindikata"},"content":{"rendered":"<p style=\"text-align: center;\"><a href=\"http:\/\/skupstinazp.ba\/wp-content\/uploads\/2012\/04\/30032012387.jpg\"><img loading=\"lazy\" decoding=\"async\" class=\"aligncenter  wp-image-463\" title=\"30032012387\" src=\"http:\/\/skupstinazp.ba\/wp-content\/uploads\/2012\/04\/30032012387-1024x575.jpg\" alt=\"\" width=\"500\" height=\"300\" \/><\/a><\/p>\n<p>ORA\u0160JE \u2013 Predsjednik i dopredsjednik Skup\u0161tine \u017dupanije Posavske prof. Mario Jurki\u0107 i Anes Osmanovi\u0107 susreli su se u Ora\u0161ju s predsjednikom Saveza samostalnih sindikata Ramizom Suba\u0161i\u0107em. <!--more Pro\u010ditaj vi\u0161e --><\/p>\n<p>Razgovori su vo\u0111eni na temu Nacrta zakona o pla\u0107ama i naknadama i Kolektivnim ugovorima. Istaknuto je kako je Skup\u0161tina \u017dupanije Posavske zainteresirana za rje\u0161avanje problema Zakona o pla\u0107ama i naknadama i Kolektivnim ugovorima kao i potrebu da se za<br \/>\npregovara\u010dkim stolom na\u0111u i oni sindikati koji se nisu na\u0161li na razgovoru s predstavnicima Vlade \u017dupanije Posavske, kako bi se i njihovi \u010dlanovi osjetili pripadnicima zajedni\u010dkog puta ka boljem okru\u017eenju i radu.<\/p>\n<p>\u010celnici Skup\u0161tine Jurki\u0107 i Osmanovi\u0107 su istakli da podupiru nastojanja da se \u0161to prije izradi spomenuti Zakon i da se proslijedi u skup\u0161tinsku proceduru. Svaki dogovor koji se postigne u promjeni Kolektivnog ugovora koji \u0107e kao rezultat imati boljitak vodstvo Skup\u0161tine podupire.<\/p>\n","protected":false},"excerpt":{"rendered":"<p>ORA\u0160JE \u2013 Predsjednik i dopredsjednik Skup\u0161tine \u017dupanije Posavske prof. Mario Jurki\u0107 i Anes Osmanovi\u0107 susreli su se u Ora\u0161ju s predsjednikom Saveza samostalnih sindikata Ramizom Suba\u0161i\u0107em.<\/p>\n","protected":false},"author":2,"featured_media":0,"comment_status":"open","ping_status":"closed","sticky":false,"template":"","format":"standard","meta":{"footnotes":""},"categories":[3],"tags":[],"class_list":["post-462","post","type-post","status-publish","format-standard","hentry","category-obavijesti"],"_links":{"self":[{"href":"https:\/\/skupstinazp.ba\/new\/wp-json\/wp\/v2\/posts\/462","targetHints":{"allow":["GET"]}}],"collection":[{"href":"https:\/\/skupstinazp.ba\/new\/wp-json\/wp\/v2\/posts"}],"about":[{"href":"https:\/\/skupstinazp.ba\/new\/wp-json\/wp\/v2\/types\/post"}],"author":[{"embeddable":true,"href":"https:\/\/skupstinazp.ba\/new\/wp-json\/wp\/v2\/users\/2"}],"replies":[{"embeddable":true,"href":"https:\/\/skupstinazp.ba\/new\/wp-json\/wp\/v2\/comments?post=462"}],"version-history":[{"count":0,"href":"https:\/\/skupstinazp.ba\/new\/wp-json\/wp\/v2\/posts\/462\/revisions"}],"wp:attachment":[{"href":"https:\/\/skupstinazp.ba\/new\/wp-json\/wp\/v2\/media?parent=462"}],"wp:term":[{"taxonomy":"category","embeddable":true,"href":"https:\/\/skupstinazp.ba\/new\/wp-json\/wp\/v2\/categories?post=462"},{"taxonomy":"post_tag","embeddable":true,"href":"https:\/\/skupstinazp.ba\/new\/wp-json\/wp\/v2\/tags?post=462"}],"curies":[{"name":"wp","href":"https:\/\/api.w.org\/{rel}","templated":true}]}}