{"id":471,"date":"2012-04-05T14:22:54","date_gmt":"2012-04-05T14:22:54","guid":{"rendered":"http:\/\/skupstinazp.ba\/?p=471"},"modified":"2012-04-05T14:22:54","modified_gmt":"2012-04-05T14:22:54","slug":"predsjednik-i-dopredsjednik-skupstine-zupanije-posavske-u-odzaku","status":"publish","type":"post","link":"https:\/\/skupstinazp.ba\/new\/predsjednik-i-dopredsjednik-skupstine-zupanije-posavske-u-odzaku\/","title":{"rendered":"Predsjednik i dopredsjednik Skup\u0161tine \u017dupanije Posavske u Od\u017eaku"},"content":{"rendered":"<p style=\"text-align: center;\"><a href=\"http:\/\/skupstinazp.ba\/wp-content\/uploads\/2012\/04\/04042012097.jpg\"><img loading=\"lazy\" decoding=\"async\" class=\"aligncenter  wp-image-472\" title=\"04042012097\" src=\"http:\/\/skupstinazp.ba\/wp-content\/uploads\/2012\/04\/04042012097-1024x768.jpg\" alt=\"\" width=\"500\" height=\"333\" \/><\/a><\/p>\n<p>OD\u017dAK \u2013 U sklopu obilaska ustanova, organizacija i institucija \u017dupanije Posavske i op\u0107ina u njoj, a prije kona\u010dnog usvajanja prora\u010duna za 2012. godinu, predsjednik i dopredsjednik Skup\u0161tine \u017dupanije Posavske prof. Mario Jurki\u0107 i Anes Osmanovi\u0107, obi\u0161li su op\u0107inu Od\u017eak. <!--more Pro\u010ditaj vi\u0161e --><\/p>\n<p>U zgradi op\u0107inskog poglavarstva susreli su se s na\u010delnikom Op\u0107ine Lukom Juri\u0107em i s predsjednikom OV-a Od\u017eak Dervi\u0161em \u0160a\u0107irovi\u0107em. Razgovaralo se o aktualnom prora\u010dunu, naporima za njegovo dono\u0161enje i problemima koji nastaju kod dogovaranja stavki prora\u010duna. Sugovornici su se slo\u017eili da je op\u0107ina Od\u017eak povratni\u010dko podru\u010dje, koje jo\u0161 nije u potpunosti sanirano. Gospodarstvo radi, postoji odre\u0111en broj gospodarskih subjekata koji proizvode, u povoju je i sitno gospodarstvo, ali je evidentno da je potreban i dodatni<br \/>\nimpuls kako bi se o\u010duvali postoje\u0107i i doveli novi kolektivi.<\/p>\n<p>Prolazak Koridora Vc kroz podru\u010dje op\u0107ine, zna\u010dajno je za op\u0107inu Od\u017eak, ali i \u017dupaniju Posavsku, pa je potrebno sredstva i resurse usmjeriti na podru\u010dje ove op\u0107ine, kako bi se izgradila infrastruktura potrebna za prihvat tranzira roba i putnika ovim zna\u010dajnim cestovnim pravcem u BiH. Tijekom razgovora dotaknuta su i druga aktualna pitanja iz domena rada na\u010delnika, poglavarstva i suradnje op\u0107inskog na\u010delnika i Op\u0107inskog vije\u0107a.<\/p>\n","protected":false},"excerpt":{"rendered":"<p>OD\u017dAK \u2013 U sklopu obilaska ustanova, organizacija i institucija \u017dupanije Posavske i op\u0107ina u njoj, a prije kona\u010dnog usvajanja prora\u010duna za 2012. godinu, predsjednik i dopredsjednik Skup\u0161tine \u017dupanije Posavske prof. Mario Jurki\u0107 i Anes Osmanovi\u0107, obi\u0161li su op\u0107inu Od\u017eak.<\/p>\n","protected":false},"author":2,"featured_media":0,"comment_status":"open","ping_status":"closed","sticky":false,"template":"","format":"standard","meta":{"footnotes":""},"categories":[3],"tags":[12,20,21,40,44,55,60,61,71,87],"class_list":["post-471","post","type-post","status-publish","format-standard","hentry","category-obavijesti","tag-anes","tag-domaljevac","tag-dopredsjednik","tag-jurkic","tag-mario","tag-osmanovic","tag-posavske","tag-predsjednik","tag-skupstina","tag-zupanije"],"_links":{"self":[{"href":"https:\/\/skupstinazp.ba\/new\/wp-json\/wp\/v2\/posts\/471","targetHints":{"allow":["GET"]}}],"collection":[{"href":"https:\/\/skupstinazp.ba\/new\/wp-json\/wp\/v2\/posts"}],"about":[{"href":"https:\/\/skupstinazp.ba\/new\/wp-json\/wp\/v2\/types\/post"}],"author":[{"embeddable":true,"href":"https:\/\/skupstinazp.ba\/new\/wp-json\/wp\/v2\/users\/2"}],"replies":[{"embeddable":true,"href":"https:\/\/skupstinazp.ba\/new\/wp-json\/wp\/v2\/comments?post=471"}],"version-history":[{"count":0,"href":"https:\/\/skupstinazp.ba\/new\/wp-json\/wp\/v2\/posts\/471\/revisions"}],"wp:attachment":[{"href":"https:\/\/skupstinazp.ba\/new\/wp-json\/wp\/v2\/media?parent=471"}],"wp:term":[{"taxonomy":"category","embeddable":true,"href":"https:\/\/skupstinazp.ba\/new\/wp-json\/wp\/v2\/categories?post=471"},{"taxonomy":"post_tag","embeddable":true,"href":"https:\/\/skupstinazp.ba\/new\/wp-json\/wp\/v2\/tags?post=471"}],"curies":[{"name":"wp","href":"https:\/\/api.w.org\/{rel}","templated":true}]}}