{"id":474,"date":"2012-04-06T11:47:04","date_gmt":"2012-04-06T11:47:04","guid":{"rendered":"http:\/\/skupstinazp.ba\/?p=474"},"modified":"2012-04-06T11:47:04","modified_gmt":"2012-04-06T11:47:04","slug":"uskrsna-cestitka-predsjednika-i-dopredsjednika-skupstine-zupanije-posavske","status":"publish","type":"post","link":"https:\/\/skupstinazp.ba\/new\/uskrsna-cestitka-predsjednika-i-dopredsjednika-skupstine-zupanije-posavske\/","title":{"rendered":"Uskrsna \u010destitka predsjednika i dopredsjednika Skup\u0161tine \u017dupanije Posavske"},"content":{"rendered":"<p><a href=\"http:\/\/skupstinazp.ba\/wp-content\/uploads\/2012\/04\/praznici-pozadine-za-desktop-0256-Uskrs-slike-cestitke.jpg\"><img loading=\"lazy\" decoding=\"async\" class=\"aligncenter size-full wp-image-475\" title=\"praznici-pozadine-za-desktop-0256-Uskrs-slike-cestitke\" src=\"http:\/\/skupstinazp.ba\/wp-content\/uploads\/2012\/04\/praznici-pozadine-za-desktop-0256-Uskrs-slike-cestitke.jpg\" alt=\"\" width=\"400\" height=\"300\" srcset=\"https:\/\/skupstinazp.ba\/new\/wp-content\/uploads\/2012\/04\/praznici-pozadine-za-desktop-0256-Uskrs-slike-cestitke.jpg 400w, https:\/\/skupstinazp.ba\/new\/wp-content\/uploads\/2012\/04\/praznici-pozadine-za-desktop-0256-Uskrs-slike-cestitke-300x225.jpg 300w\" sizes=\"auto, (max-width: 400px) 100vw, 400px\" \/><\/a><\/p>\n<p>U ime Skup\u0161tine \u017dupanije Posavske, svim vjernicima katoli\u010dke vjeroispovijesti u \u017dupaniji Posavskoj, \u00a0Bosni i Hercegovini i dijaspori upu\u0107ujemo iskrene \u010destitke povodom najve\u0107eg katoli\u010dkog blagdana Uskrsa, uz \u017eelje da radost Kristova uskrsnu\u0107a \u00a0podijelite sa svojim najbli\u017eima, susjedima i prijateljima u duhu tradicije, zajedni\u0161tva i me\u0111usobnog po\u0161tovanja.<!--more Pro\u010ditaj vi\u0161e --><\/p>\n<p>&nbsp;<\/p>\n<p style=\"text-align: left;\">Dopredsjednik Skup\u0161tine \u00a0 \u00a0 \u00a0 \u00a0 \u00a0 \u00a0 \u00a0 \u00a0 \u00a0 \u00a0 \u00a0 \u00a0 \u00a0 \u00a0 \u00a0 \u00a0 \u00a0 \u00a0 \u00a0 \u00a0 \u00a0 \u00a0 Predsjednik Skup\u0161tine<br \/>\nAnes Osmanovi\u0107 \u00a0 \u00a0 \u00a0 \u00a0 \u00a0 \u00a0 \u00a0 \u00a0 \u00a0 \u00a0 \u00a0 \u00a0 \u00a0 \u00a0 \u00a0 \u00a0 \u00a0 \u00a0 \u00a0 \u00a0 \u00a0 \u00a0 \u00a0 \u00a0 \u00a0 \u00a0 \u00a0 \u00a0 \u00a0 \u00a0 \u00a0 \u00a0\u00a0Mario Jurki\u0107, prof.<\/p>\n<p style=\"text-align: left;\">\n","protected":false},"excerpt":{"rendered":"<p>U ime Skup\u0161tine \u017dupanije Posavske, svim vjernicima katoli\u010dke vjeroispovijesti u \u017dupaniji Posavskoj, \u00a0Bosni i Hercegovini i dijaspori upu\u0107ujemo iskrene \u010destitke povodom najve\u0107eg katoli\u010dkog blagdana Uskrsa, uz \u017eelje da radost Kristova uskrsnu\u0107a \u00a0podijelite sa svojim najbli\u017eima, susjedima i prijateljima u duhu tradicije, zajedni\u0161tva i me\u0111usobnog po\u0161tovanja.<\/p>\n","protected":false},"author":2,"featured_media":0,"comment_status":"open","ping_status":"closed","sticky":false,"template":"","format":"standard","meta":{"footnotes":""},"categories":[3],"tags":[17,78],"class_list":["post-474","post","type-post","status-publish","format-standard","hentry","category-obavijesti","tag-cestitka","tag-uskrs"],"_links":{"self":[{"href":"https:\/\/skupstinazp.ba\/new\/wp-json\/wp\/v2\/posts\/474","targetHints":{"allow":["GET"]}}],"collection":[{"href":"https:\/\/skupstinazp.ba\/new\/wp-json\/wp\/v2\/posts"}],"about":[{"href":"https:\/\/skupstinazp.ba\/new\/wp-json\/wp\/v2\/types\/post"}],"author":[{"embeddable":true,"href":"https:\/\/skupstinazp.ba\/new\/wp-json\/wp\/v2\/users\/2"}],"replies":[{"embeddable":true,"href":"https:\/\/skupstinazp.ba\/new\/wp-json\/wp\/v2\/comments?post=474"}],"version-history":[{"count":0,"href":"https:\/\/skupstinazp.ba\/new\/wp-json\/wp\/v2\/posts\/474\/revisions"}],"wp:attachment":[{"href":"https:\/\/skupstinazp.ba\/new\/wp-json\/wp\/v2\/media?parent=474"}],"wp:term":[{"taxonomy":"category","embeddable":true,"href":"https:\/\/skupstinazp.ba\/new\/wp-json\/wp\/v2\/categories?post=474"},{"taxonomy":"post_tag","embeddable":true,"href":"https:\/\/skupstinazp.ba\/new\/wp-json\/wp\/v2\/tags?post=474"}],"curies":[{"name":"wp","href":"https:\/\/api.w.org\/{rel}","templated":true}]}}