{"id":480,"date":"2012-04-12T08:06:35","date_gmt":"2012-04-12T08:06:35","guid":{"rendered":"http:\/\/skupstinazp.ba\/?p=480"},"modified":"2012-04-12T08:06:35","modified_gmt":"2012-04-12T08:06:35","slug":"nastavak-suradnje-sa-oess-om","status":"publish","type":"post","link":"https:\/\/skupstinazp.ba\/new\/nastavak-suradnje-sa-oess-om\/","title":{"rendered":"Nastavak suradnje sa OESS-om"},"content":{"rendered":"<p style=\"text-align: center;\"><a href=\"http:\/\/skupstinazp.ba\/wp-content\/uploads\/2012\/04\/P4100031.jpg\"><img loading=\"lazy\" decoding=\"async\" class=\"aligncenter  wp-image-482\" title=\"OLYMPUS DIGITAL CAMERA\" src=\"http:\/\/skupstinazp.ba\/wp-content\/uploads\/2012\/04\/P4100031-1024x768.jpg\" alt=\"\" width=\"500\" height=\"350\" \/><\/a><\/p>\n<p>DOMALJEVAC &#8211; Nakon sudjelovanja na dvodnevnom Konsultativnom sastanku s predstavnicima \u017eupanijskih vlasti, kojeg je organizirala Misija za europsku sigurnost i suradnju (OESS) u Bosni i Hercegovini, predsjednik Skup\u0161tine \u017dupanije Posavske prof. Mario Jurki\u0107 i dopredsjednik\u00a0 Anes Osmanovi\u0107 sastali su se predstavnicom Odjeljenja za ljudsku dimenziju misije OESS-a u BiH, Sne\u017eanom Da\u010di\u0107. <!--more Pro\u010ditaj vi\u0161e --> Razgovarano je o rezultatima istra\u017eivanja OESS-ove analize o upravljanju na \u017eupanijskoj razini, iz 2011, te o mogu\u0107ih sedam oblasti u kojima Misija mo\u017ee ponuditi podr\u0161ku \u017eupanijskim vlastima:<\/p>\n<p>-Upravljanje ljudskim resursima;<br \/>\n-Prora\u010dunski proces;<br \/>\n-Upravljanje \u017eupanijskom skup\u0161tinom;<br \/>\n-Institucionalni nadzor;<br \/>\n-Izrada pravnih propisa i politika;<br \/>\n-Komunikacija, sudjelovanje gra\u0111ana i transparentnost; i<br \/>\n-Vertikalni odnosi.<\/p>\n<p>S ciljem prelaska na sljede\u0107u fazu razvoja projekta i po\u010detka realizacije aktivnosti \u00a0podr\u0161ke dobroj upravi \u00a0naglasak je bio na\u00a0 prepoznavanju tri najprioritetnije\u00a0 oblasti za pobolj\u0161anje te je\u00a0 zaklju\u010deno je da \u0107e budu\u0107a zajedni\u010dka suradnja omogu\u0107iti ja\u010danje dobre demokratske uprave u \u017dupaniji Posavskoj.<\/p>\n","protected":false},"excerpt":{"rendered":"<p>DOMALJEVAC &#8211; Nakon sudjelovanja na dvodnevnom Konsultativnom sastanku s predstavnicima \u017eupanijskih vlasti, kojeg je organizirala Misija za europsku sigurnost i suradnju (OESS) u Bosni i Hercegovini, predsjednik Skup\u0161tine \u017dupanije Posavske prof. Mario Jurki\u0107 i dopredsjednik\u00a0 Anes Osmanovi\u0107 sastali su se predstavnicom Odjeljenja za ljudsku dimenziju misije OESS-a u BiH, Sne\u017eanom Da\u010di\u0107.<\/p>\n","protected":false},"author":2,"featured_media":0,"comment_status":"open","ping_status":"closed","sticky":false,"template":"","format":"standard","meta":{"footnotes":""},"categories":[2],"tags":[13,20,29,53,60,71,87],"class_list":["post-480","post","type-post","status-publish","format-standard","hentry","category-novosti","tag-bih","tag-domaljevac","tag-hdz","tag-oess","tag-posavske","tag-skupstina","tag-zupanije"],"_links":{"self":[{"href":"https:\/\/skupstinazp.ba\/new\/wp-json\/wp\/v2\/posts\/480","targetHints":{"allow":["GET"]}}],"collection":[{"href":"https:\/\/skupstinazp.ba\/new\/wp-json\/wp\/v2\/posts"}],"about":[{"href":"https:\/\/skupstinazp.ba\/new\/wp-json\/wp\/v2\/types\/post"}],"author":[{"embeddable":true,"href":"https:\/\/skupstinazp.ba\/new\/wp-json\/wp\/v2\/users\/2"}],"replies":[{"embeddable":true,"href":"https:\/\/skupstinazp.ba\/new\/wp-json\/wp\/v2\/comments?post=480"}],"version-history":[{"count":0,"href":"https:\/\/skupstinazp.ba\/new\/wp-json\/wp\/v2\/posts\/480\/revisions"}],"wp:attachment":[{"href":"https:\/\/skupstinazp.ba\/new\/wp-json\/wp\/v2\/media?parent=480"}],"wp:term":[{"taxonomy":"category","embeddable":true,"href":"https:\/\/skupstinazp.ba\/new\/wp-json\/wp\/v2\/categories?post=480"},{"taxonomy":"post_tag","embeddable":true,"href":"https:\/\/skupstinazp.ba\/new\/wp-json\/wp\/v2\/tags?post=480"}],"curies":[{"name":"wp","href":"https:\/\/api.w.org\/{rel}","templated":true}]}}