{"id":484,"date":"2012-04-12T22:38:55","date_gmt":"2012-04-12T22:38:55","guid":{"rendered":"http:\/\/skupstinazp.ba\/?p=484"},"modified":"2012-04-12T22:38:55","modified_gmt":"2012-04-12T22:38:55","slug":"posjet-izaslanstva-skupstine-zupanije-posavske-vodstvu-skupstine-tuzlanskog-kantona","status":"publish","type":"post","link":"https:\/\/skupstinazp.ba\/new\/posjet-izaslanstva-skupstine-zupanije-posavske-vodstvu-skupstine-tuzlanskog-kantona\/","title":{"rendered":"Posjet izaslanstva Skup\u0161tine \u017dupanije Posavske vodstvu Skup\u0161tine Tuzlanskog kantona"},"content":{"rendered":"<p style=\"text-align: center;\"><a href=\"http:\/\/skupstinazp.ba\/wp-content\/uploads\/2012\/04\/images.jpg\"><img loading=\"lazy\" decoding=\"async\" class=\"aligncenter  wp-image-485\" title=\"images\" src=\"http:\/\/\nskupstinazp.ba\/wp-content\/uploads\/2012\/04\/images.jpg\" alt=\"\" width=\"400\" height=\"250\" \/><\/a><\/p>\n<p style=\"text-align: left;\">TUZLA \u2013 Predsjednik i dopredsjednik Skup\u0161tine \u017dupanije Posavske prof. Mario Jurki\u0107 i Anes Osmanovi\u0107 posjetili su sjedi\u0161te Skup\u0161tine Tuzlanskog kantona u Tuzli. U Tuzli su ih do\u010dekali predsjednik Skup\u0161tine Bajazit Ja\u0161arevi\u0107 i njegovi zamjenici Sla\u0111an Ili\u0107 i Zlatko \u0160imi\u0107, kao i tajnik Skup\u0161tine Tuzlanskog kantona Ahmet Smajovi\u0107.<\/p>\n<p><!--more Pro\u010ditaj vi\u0161e --><\/p>\n<p style=\"text-align: left;\">Razgovaralo se o organizaciji rada dviju skup\u0161tina i na\u010dinima na koji se mogu prenijeti dobre organizacijske vje\u0161tine. Zaklju\u010deno je da Skup\u0161tina Posavske \u017eupanije rade izvanredno uzimaju\u0107i u obzir da nema tajnika Skup\u0161tine, da radi s Poslovnikom koji nije mijenjan od utemeljenja Skup\u0161tine, Ustavom koji je trebalo mijenjati i bez Kodeksa pona\u0161anja skup\u0161tinskih zastupnika.<\/p>\n<p style=\"text-align: left;\">Organizacija Skup\u0161tine Tuzlanskog kantona je ne\u0161to malo druga\u010dija od Skup\u0161tine Posavskog kantona, kada se radi o skup\u0161tinskim odborima, komisijama i Stru\u010dnoj slu\u017ebi. Stru\u010dna slu\u017eba Skup\u0161tine Tuzlanskog kantona broji 27 djelatnika, a skrbi se za 35 zastupnika. Bajazit Ja\u0161arevi\u0107, predsjednik Skup\u0161tine Tuzlanskog kantona je kazao kako sjednice Skup\u0161tine traju kratko u odnosu na broj to\u010daka koje se na njima rje\u0161ava. To mogu zahvaliti Poslovniku koji ograni\u010dava diskusije zastupnika i vremenski i koli\u010dinski.<\/p>\n<p style=\"text-align: left;\">Tijekom razgovora dotaknuto je pitanje reciprociteta u vladama dvaju podru\u010dja. Ja\u0161arevi\u0107 je kazao kako Vlada Tuzlanskog kantona radi odli\u010dno i da bi bila \u0161teta naru\u0161avati taj sklad u radu, te da je te\u0161ko o\u010dekivati neku rekonstrukciju isporuka.\u00a0Tijekom razgovora sugovornici su se dotakli i ingerencija skup\u0161tina i zaklju\u010dili da je u svakom pogledu zakonodavna vlast iznad izvr\u0161ne i da predsjednici Vlada moraju po\u0161tivati ravnopravan status s predsjednicima skup\u0161tina.<\/p>\n<p style=\"text-align: left;\">Dotaknuto je i pitanje mogu\u0107ih budu\u0107ih projekata. U zdravstvu se nudi razgovor o modelu daljnjeg lije\u010denja pacijenata u UKC-u Tuzla, u cestovnoj infrastrukturi dalje razvijanje projekta Y kraka Koridora Vc, koji bi od \u017dep\u010da, preko Tuzle i podru\u010dja Distrikta Br\u010dko iza\u0161ao kod Ora\u0161ja iz dr\u017eave BiH i uklju\u010dio se na autoput Zagreb \u2013 Beograd.<\/p>\n<p style=\"text-align: center;\">[tube]http:\/\/www.youtube.com\/watch?v=4e3xOf6B3Q4&amp;feature=plcp&amp;context=C4a55c21VDvjVQa1PpcFPW0xeP070lYrDP3m52meyR_6UhiriNbL0%3D[\/tube]<\/p>\n","protected":false},"excerpt":{"rendered":"<p>TUZLA \u2013 Predsjednik i dopredsjednik Skup\u0161tine \u017dupanije Posavske prof. Mario Jurki\u0107 i Anes Osmanovi\u0107 posjetili su sjedi\u0161te Skup\u0161tine Tuzlanskog kantona u Tuzli. U Tuzli su ih do\u010dekali predsjednik Skup\u0161tine Bajazit Ja\u0161arevi\u0107 i njegovi zamjenici Sla\u0111an Ili\u0107 i Zlatko \u0160imi\u0107, kao i tajnik Skup\u0161tine Tuzlanskog kantona Ahmet Smajovi\u0107.<\/p>\n","protected":false},"author":2,"featured_media":0,"comment_status":"open","ping_status":"closed","sticky":false,"template":"","format":"standard","meta":{"footnotes":""},"categories":[2],"tags":[8,20,29,60,71,87],"class_list":["post-484","post","type-post","status-publish","format-standard","hentry","category-novosti","tag-8","tag-domaljevac","tag-hdz","tag-posavske","tag-skupstina","tag-zupanije"],"_links":{"self":[{"href":"https:\/\/skupstinazp.ba\/new\/wp-json\/wp\/v2\/posts\/484","targetHints":{"allow":["GET"]}}],"collection":[{"href":"https:\/\/skupstinazp.ba\/new\/wp-json\/wp\/v2\/posts"}],"about":[{"href":"https:\/\/skupstinazp.ba\/new\/wp-json\/wp\/v2\/types\/post"}],"author":[{"embeddable":true,"href":"https:\/\/skupstinazp.ba\/new\/wp-json\/wp\/v2\/users\/2"}],"replies":[{"embeddable":true,"href":"https:\/\/skupstinazp.ba\/new\/wp-json\/wp\/v2\/comments?post=484"}],"version-history":[{"count":0,"href":"https:\/\/skupstinazp.ba\/new\/wp-json\/wp\/v2\/posts\/484\/revisions"}],"wp:attachment":[{"href":"https:\/\/skupstinazp.ba\/new\/wp-json\/wp\/v2\/media?parent=484"}],"wp:term":[{"taxonomy":"category","embeddable":true,"href":"https:\/\/skupstinazp.ba\/new\/wp-json\/wp\/v2\/categories?post=484"},{"taxonomy":"post_tag","embeddable":true,"href":"https:\/\/skupstinazp.ba\/new\/wp-json\/wp\/v2\/tags?post=484"}],"curies":[{"name":"wp","href":"https:\/\/api.w.org\/{rel}","templated":true}]}}