{"id":499,"date":"2012-04-13T08:35:46","date_gmt":"2012-04-13T08:35:46","guid":{"rendered":"http:\/\/skupstinazp.ba\/?p=499"},"modified":"2012-04-13T08:35:46","modified_gmt":"2012-04-13T08:35:46","slug":"priopcenje-rtvtk-o-posjeti-delegacije-skupstine-zupanije-posavske-tuzli","status":"publish","type":"post","link":"https:\/\/skupstinazp.ba\/new\/priopcenje-rtvtk-o-posjeti-delegacije-skupstine-zupanije-posavske-tuzli\/","title":{"rendered":"Priop\u0107enje RTVTK o posjeti delegacije Skup\u0161tine \u017dupanije Posavske Tuzli"},"content":{"rendered":"<p style=\"text-align: center;\"><a href=\"http:\/\/skupstinazp.ba\/wp-content\/uploads\/2012\/04\/izhji.jpg\"><img loading=\"lazy\" decoding=\"async\" class=\" wp-image-500 aligncenter\" title=\"izhji\" src=\"http:\/\/skupstinazp.ba\/wp-content\/uploads\/2012\/04\/izhji.jpg\" alt=\"\" width=\"400\" height=\"285\" \/><\/a><\/p>\n<p>Me\u0111ukantonalna saradnja na polju zdravstva, obrazovanja, saobra\u0107aja, uz razmjenu iskustava vezanih za rad Skup\u0161tina Tuzlanskog i Posavskog kantona &#8211; bili su okvirna tema dana\u0161njeg radnog sastanka dvije delegacije u Tuzli. \u201eNe\u0161to kasnije o\u010dekujemo i uspostavu bolje saradnje na privrednom planu\u201c &#8211; istakao je, izme\u0111u ostalog, doma\u0107in dana\u0161njeg sastanka predsjednik Skup\u0161tine TK Bajazit Ja\u0161arevi\u0107. <!--more Pro\u010ditaj vi\u0161e --><\/p>\n<p>Obostrano zadovoljstvo postignutim, kroz razgovor o me\u0111ukantonalnoj saradnji nakon sastanka iskazali su predstavnici Skup\u0161tine Posavske \u017eupanije, odnosno Skup\u0161tine Tuzlanskog kantona kao doma\u0107ina susreta iniciranog na nedavnom skupu odr\u017eanom u organizaciji misije OSCE -a u Sarajevu. Cilj ovakvih sastanaka je uzajamna pomo\u0107 kroz razmjenu iskustava u vi\u0161e segmenata i kroz vi\u0161e susreta poput dana\u0161njeg, \u010demu se posebno raduju u Skup\u0161tini Posavskog kantona, naveo je Mario Jurki\u0107 &#8211; predsjednik Skup\u0161tine Posavske \u017eupanije.<\/p>\n<p>nPosebno je razgovarano o izradi skup\u0161tinskog poslovnika, kodeksa, obavezama i broju zaposlenika Skup\u0161tine, ali i organizaciji Slu\u017ebe za odnose ja javno\u0161\u0107u. Goste iz Posavske \u017eupanije zanimalo je i medijsko pra\u0107enje aktivnosti Skup\u0161tine jer , kako su naveli, nemaju vlastiti javni servis, ve\u0107 pla\u0107aju skupe usluge lokalnih radio &#8211; stanica, a snimak \u010desto predugih skup\u0161tinskih zasjedanja pohranjuju na skup\u0161tinskoj web stranici.<\/p>\n","protected":false},"excerpt":{"rendered":"<p>Me\u0111ukantonalna saradnja na polju zdravstva, obrazovanja, saobra\u0107aja, uz razmjenu iskustava vezanih za rad Skup\u0161tina Tuzlanskog i Posavskog kantona &#8211; bili su okvirna tema dana\u0161njeg radnog sastanka dvije delegacije u Tuzli. \u201eNe\u0161to kasnije o\u010dekujemo i uspostavu bolje saradnje na privrednom planu\u201c &#8211; istakao je, izme\u0111u ostalog, doma\u0107in dana\u0161njeg sastanka predsjednik Skup\u0161tine TK Bajazit Ja\u0161arevi\u0107.<\/p>\n","protected":false},"author":2,"featured_media":0,"comment_status":"open","ping_status":"closed","sticky":false,"template":"","format":"standard","meta":{"footnotes":""},"categories":[3],"tags":[57,71,87],"class_list":["post-499","post","type-post","status-publish","format-standard","hentry","category-obavijesti","tag-posavina-2","tag-skupstina","tag-zupanije"],"_links":{"self":[{"href":"https:\/\/skupstinazp.ba\/new\/wp-json\/wp\/v2\/posts\/499","targetHints":{"allow":["GET"]}}],"collection":[{"href":"https:\/\/skupstinazp.ba\/new\/wp-json\/wp\/v2\/posts"}],"about":[{"href":"https:\/\/skupstinazp.ba\/new\/wp-json\/wp\/v2\/types\/post"}],"author":[{"embeddable":true,"href":"https:\/\/skupstinazp.ba\/new\/wp-json\/wp\/v2\/users\/2"}],"replies":[{"embeddable":true,"href":"https:\/\/skupstinazp.ba\/new\/wp-json\/wp\/v2\/comments?post=499"}],"version-history":[{"count":0,"href":"https:\/\/skupstinazp.ba\/new\/wp-json\/wp\/v2\/posts\/499\/revisions"}],"wp:attachment":[{"href":"https:\/\/skupstinazp.ba\/new\/wp-json\/wp\/v2\/media?parent=499"}],"wp:term":[{"taxonomy":"category","embeddable":true,"href":"https:\/\/skupstinazp.ba\/new\/wp-json\/wp\/v2\/categories?post=499"},{"taxonomy":"post_tag","embeddable":true,"href":"https:\/\/skupstinazp.ba\/new\/wp-json\/wp\/v2\/tags?post=499"}],"curies":[{"name":"wp","href":"https:\/\/api.w.org\/{rel}","templated":true}]}}