{"id":502,"date":"2012-04-14T11:41:47","date_gmt":"2012-04-14T11:41:47","guid":{"rendered":"http:\/\/skupstinazp.ba\/?p=502"},"modified":"2012-04-14T11:41:47","modified_gmt":"2012-04-14T11:41:47","slug":"vaskrsna-cestitka-rukovodstva-skupstine-zupanije-posavske","status":"publish","type":"post","link":"https:\/\/skupstinazp.ba\/new\/vaskrsna-cestitka-rukovodstva-skupstine-zupanije-posavske\/","title":{"rendered":"Vaskrsna \u010destitka rukovodstva Skup\u0161tine \u017dupanije Posavske"},"content":{"rendered":"<p><a href=\"http:\/\/skupstinazp.ba\/wp-content\/uploads\/2012\/04\/vaskrs-jaja.jpg\"><img loading=\"lazy\" decoding=\"async\" class=\"aligncenter size-full wp-image-503\" title=\"vaskrs-jaja\" src=\"http:\/\/skupstinazp.ba\/wp-content\/uploads\/2012\/04\/vaskrs-jaja.jpg\" alt=\"\" width=\"450\" height=\"338\" srcset=\"https:\/\/skupstinazp.ba\/new\/wp-content\/uploads\/2012\/04\/vaskrs-jaja.jpg 450w, https:\/\/skupstinazp.ba\/new\/wp-content\/uploads\/2012\/04\/vaskrs-jaja-300x225.jpg 300w\" sizes=\"auto, (max-width: 450px) 100vw, 450px\" \/><\/a><\/p>\n<p>U prigodi najve\u0107eg i najradosnijeg pravoslavnog blagdana Vaskrsa svim pravoslavnim vjernicima u \u017dupaniji Posavskoj i Bosni i Hercegovini \u00a0u ime Skup\u0161tine \u017dupanije Posavske upu\u0107ujemo \u00a0iskrene \u010destitke, uz \u017eelju da predstoje\u0107e blagdanske dane proslave u duhu tradicije, ozra\u010dju mira, radosti i obiteljskog zajedni\u0161tva.<!--more Pro\u010ditaj vi\u0161e --><\/p>\n<p>Dopredsjednik Skup\u0161tine \u00a0 \u00a0 \u00a0 \u00a0 \u00a0 \u00a0 \u00a0 \u00a0 \u00a0 \u00a0 \u00a0 \u00a0 \u00a0 \u00a0 \u00a0 \u00a0 \u00a0 \u00a0 \u00a0 \u00a0 \u00a0 \u00a0Predsjednik Skup\u0161tine<br \/>\n\u017dupanije Posavske \u00a0 \u00a0 \u00a0 \u00a0 \u00a0 \u00a0 \u00a0 \u00a0 \u00a0 \u00a0 \u00a0 \u00a0 \u00a0 \u00a0 \u00a0 \u00a0 \u00a0 \u00a0 \u00a0 \u00a0 \u00a0 \u00a0 \u00a0 \u00a0 \u00a0 \u00a0 \u00a0 \u00a0\u017dupanije Posavske<\/p>\n<p>Anes Osmanovi\u0107 \u00a0 \u00a0 \u00a0 \u00a0 \u00a0 \u00a0 \u00a0 \u00a0 \u00a0 \u00a0 \u00a0 \u00a0 \u00a0 \u00a0 \u00a0 \u00a0 \u00a0 \u00a0 \u00a0 \u00a0 \u00a0 \u00a0 \u00a0 \u00a0 \u00a0 \u00a0 \u00a0 \u00a0 \u00a0 Mario Jurki\u0107, prof.<\/p>\n","protected":false},"excerpt":{"rendered":"<p>U prigodi najve\u0107eg i najradosnijeg pravoslavnog blagdana Vaskrsa svim pravoslavnim vjernicima u \u017dupaniji Posavskoj i Bosni i Hercegovini \u00a0u ime Skup\u0161tine \u017dupanije Posavske upu\u0107ujemo \u00a0iskrene \u010destitke, uz \u017eelju da predstoje\u0107e blagdanske dane proslave u duhu tradicije, ozra\u010dju mira, radosti i obiteljskog zajedni\u0161tva.<\/p>\n","protected":false},"author":2,"featured_media":0,"comment_status":"open","ping_status":"closed","sticky":false,"template":"","format":"standard","meta":{"footnotes":""},"categories":[2],"tags":[],"class_list":["post-502","post","type-post","status-publish","format-standard","hentry","category-novosti"],"_links":{"self":[{"href":"https:\/\/skupstinazp.ba\/new\/wp-json\/wp\/v2\/posts\/502","targetHints":{"allow":["GET"]}}],"collection":[{"href":"https:\/\/skupstinazp.ba\/new\/wp-json\/wp\/v2\/posts"}],"about":[{"href":"https:\/\/skupstinazp.ba\/new\/wp-json\/wp\/v2\/types\/post"}],"author":[{"embeddable":true,"href":"https:\/\/skupstinazp.ba\/new\/wp-json\/wp\/v2\/users\/2"}],"replies":[{"embeddable":true,"href":"https:\/\/skupstinazp.ba\/new\/wp-json\/wp\/v2\/comments?post=502"}],"version-history":[{"count":0,"href":"https:\/\/skupstinazp.ba\/new\/wp-json\/wp\/v2\/posts\/502\/revisions"}],"wp:attachment":[{"href":"https:\/\/skupstinazp.ba\/new\/wp-json\/wp\/v2\/media?parent=502"}],"wp:term":[{"taxonomy":"category","embeddable":true,"href":"https:\/\/skupstinazp.ba\/new\/wp-json\/wp\/v2\/categories?post=502"},{"taxonomy":"post_tag","embeddable":true,"href":"https:\/\/skupstinazp.ba\/new\/wp-json\/wp\/v2\/tags?post=502"}],"curies":[{"name":"wp","href":"https:\/\/api.w.org\/{rel}","templated":true}]}}