{"id":506,"date":"2012-04-15T18:52:31","date_gmt":"2012-04-15T18:52:31","guid":{"rendered":"http:\/\/skupstinazp.ba\/?p=506"},"modified":"2012-04-15T18:52:31","modified_gmt":"2012-04-15T18:52:31","slug":"cestitka-povodom-20-obljetnice-utemeljenja-104-hvo-brigade","status":"publish","type":"post","link":"https:\/\/skupstinazp.ba\/new\/cestitka-povodom-20-obljetnice-utemeljenja-104-hvo-brigade\/","title":{"rendered":"\u010cestitka povodom 20. obljetnice utemeljenja 104. HVO brigade"},"content":{"rendered":"<p><a href=\"http:\/\/skupstinazp.ba\/wp-content\/uploads\/2012\/04\/104.jpg\"><img loading=\"lazy\" decoding=\"async\" class=\"aligncenter size-full wp-image-507\" title=\"104\" src=\"http:\/\/skupstinazp.ba\/wp-content\/uploads\/2012\/04\/104.jpg\" alt=\"\" width=\"500\" height=\"214\" srcset=\"https:\/\/skupstinazp.ba\/new\/wp-content\/uploads\/2012\/04\/104.jpg 500w, https:\/\/skupstinazp.ba\/new\/wp-content\/uploads\/2012\/04\/104-300x128.jpg 300w\" sizes=\"auto, (max-width: 500px) 100vw, 500px\" \/><\/a><\/p>\n<p>DOMALJEVAC \u2013 U povodu 20. obljetnice utemeljenja svim pripadnicima 104. HVO brigade \u00a0upu\u0107ujemo najiskrenije \u010destitke. Pripadnici brigade, \u017eivi, poginuli i ranjeni su temelj na\u0161e opstojnosti na ovim prostorima na kojima smo vjekovno obitavali. <!--more Pro\u010ditaj vi\u0161e--><\/p>\n<p>Briga za njih treba nam biti osnova na\u0161ih planova i nadam se da \u0107emo se vi\u0161e posvetiti njima, kako bi i oni osjetili svoj udio u stvaranju na\u0161e budu\u0107nosti.<\/p>\n<p>Dopredsjednik Skup\u0161tine \u00a0 \u00a0 \u00a0 \u00a0 \u00a0 \u00a0 \u00a0 \u00a0 \u00a0 \u00a0 \u00a0 \u00a0 \u00a0 \u00a0 \u00a0 \u00a0 \u00a0 \u00a0 \u00a0 \u00a0 \u00a0 \u00a0 \u00a0 \u00a0 Predsjednik Skup\u0161tine<\/p>\n<p>\u017dupanije Posavske \u00a0 \u00a0 \u00a0 \u00a0 \u00a0 \u00a0 \u00a0 \u00a0 \u00a0 \u00a0 \u00a0 \u00a0 \u00a0 \u00a0 \u00a0 \u00a0 \u00a0 \u00a0 \u00a0 \u00a0 \u00a0 \u00a0 \u00a0 \u00a0 \u00a0 \u00a0 \u00a0 \u00a0 \u00a0 \u00a0\u017dupanije Posavske<\/p>\n<p><strong>Anes Osmanovi\u0107 \u00a0 \u00a0 \u00a0 \u00a0 \u00a0 \u00a0 \u00a0 \u00a0 \u00a0 \u00a0 \u00a0 \u00a0 \u00a0 \u00a0 \u00a0 \u00a0 \u00a0 \u00a0 \u00a0 \u00a0 \u00a0 \u00a0 \u00a0 \u00a0 \u00a0 \u00a0 \u00a0 \u00a0 \u00a0 \u00a0 Mario Jurki\u0107, prof.<\/strong><\/p>\n","protected":false},"excerpt":{"rendered":"<p>DOMALJEVAC \u2013 U povodu 20. obljetnice utemeljenja svim pripadnicima 104. HVO brigade \u00a0upu\u0107ujemo najiskrenije \u010destitke. Pripadnici brigade, \u017eivi, poginuli i ranjeni su temelj na\u0161e opstojnosti na ovim prostorima na kojima smo vjekovno obitavali.<\/p>\n","protected":false},"author":2,"featured_media":0,"comment_status":"closed","ping_status":"closed","sticky":false,"template":"","format":"standard","meta":{"footnotes":""},"categories":[2],"tags":[],"class_list":["post-506","post","type-post","status-publish","format-standard","hentry","category-novosti"],"_links":{"self":[{"href":"https:\/\/skupstinazp.ba\/new\/wp-json\/wp\/v2\/posts\/506","targetHints":{"allow":["GET"]}}],"collection":[{"href":"https:\/\/skupstinazp.ba\/new\/wp-json\/wp\/v2\/posts"}],"about":[{"href":"https:\/\/skupstinazp.ba\/new\/wp-json\/wp\/v2\/types\/post"}],"author":[{"embeddable":true,"href":"https:\/\/skupstinazp.ba\/new\/wp-json\/wp\/v2\/users\/2"}],"replies":[{"embeddable":true,"href":"https:\/\/skupstinazp.ba\/new\/wp-json\/wp\/v2\/comments?post=506"}],"version-history":[{"count":0,"href":"https:\/\/skupstinazp.ba\/new\/wp-json\/wp\/v2\/posts\/506\/revisions"}],"wp:attachment":[{"href":"https:\/\/skupstinazp.ba\/new\/wp-json\/wp\/v2\/media?parent=506"}],"wp:term":[{"taxonomy":"category","embeddable":true,"href":"https:\/\/skupstinazp.ba\/new\/wp-json\/wp\/v2\/categories?post=506"},{"taxonomy":"post_tag","embeddable":true,"href":"https:\/\/skupstinazp.ba\/new\/wp-json\/wp\/v2\/tags?post=506"}],"curies":[{"name":"wp","href":"https:\/\/api.w.org\/{rel}","templated":true}]}}