{"id":510,"date":"2012-04-16T19:27:33","date_gmt":"2012-04-16T19:27:33","guid":{"rendered":"http:\/\/skupstinazp.ba\/?p=510"},"modified":"2012-04-16T19:27:33","modified_gmt":"2012-04-16T19:27:33","slug":"cestitka-u-povodu-20-obljetnice-utemeljenja-102-hvo-brigade","status":"publish","type":"post","link":"https:\/\/skupstinazp.ba\/new\/cestitka-u-povodu-20-obljetnice-utemeljenja-102-hvo-brigade\/","title":{"rendered":"\u010cestitka u povodu 20. obljetnice utemeljenja 102. HVO brigade"},"content":{"rendered":"<p><a href=\"http:\/\/skupstinazp.ba\/wp-content\/uploads\/2012\/04\/images1.jpg\"><img loading=\"lazy\" decoding=\"async\" class=\"aligncenter size-full wp-image-511\" title=\"images\" src=\"http:\/\/skupstinazp.ba\/wp-content\/uploads\/2012\/04\/images1.jpg\" alt=\"\" width=\"201\" height=\"250\" \/><\/a><\/p>\n<p style=\"text-align: justify;\">Svim pripadnicima 102. HVO \u00a0brigade najiskrenije \u00a0\u010destitke u povodu \u00a020. obljetnice \u00a0utemeljenja, uz \u017eelje da se polo\u017eaj branitelja, ranjenih, i obitelji nestalih i poginulih branitelja pobolj\u0161a, jer su to zaslu\u017eili svojim nesebi\u010dnim \u010dinom obrane ovih na\u0161ih podru\u010dja, u kasnijoj fazi pomaganjem u obnovi i povratku na svoja ognji\u0161ta. <!--more Pro\u010ditaj vi\u0161e--><\/p>\n<p>Dopredsjednik\u00a0 Skup\u0161tine \u00a0 \u00a0 \u00a0 \u00a0 \u00a0 \u00a0 \u00a0 \u00a0 \u00a0 \u00a0 \u00a0 \u00a0 \u00a0 \u00a0 \u00a0 \u00a0 \u00a0 \u00a0 \u00a0 \u00a0 \u00a0 Predsjednik Skup\u0161tine<br \/>\n\u017dupanije Posavske \u00a0 \u00a0 \u00a0 \u00a0 \u00a0 \u00a0 \u00a0 \u00a0 \u00a0 \u00a0 \u00a0 \u00a0 \u00a0 \u00a0 \u00a0 \u00a0 \u00a0 \u00a0 \u00a0 \u00a0 \u00a0 \u00a0 \u00a0 \u00a0 \u00a0 \u00a0 \u00a0 \u00a0 \u017dupanije Posavske<br \/>\nAnes<br \/>\nOsmanovi\u0107\u00a0 \u00a0 \u00a0 \u00a0 \u00a0 \u00a0 \u00a0 \u00a0 \u00a0 \u00a0 \u00a0 \u00a0 \u00a0 \u00a0 \u00a0 \u00a0 \u00a0 \u00a0 \u00a0 \u00a0 \u00a0 \u00a0 \u00a0 \u00a0 \u00a0 \u00a0 \u00a0 \u00a0 \u00a0 Mario Jurki\u0107, prof.<\/p>\n","protected":false},"excerpt":{"rendered":"<p>Svim pripadnicima 102. HVO \u00a0brigade najiskrenije \u00a0\u010destitke u povodu \u00a020. obljetnice \u00a0utemeljenja, uz \u017eelje da se polo\u017eaj branitelja, ranjenih, i obitelji nestalih i poginulih branitelja pobolj\u0161a, jer su to zaslu\u017eili svojim nesebi\u010dnim \u010dinom obrane ovih na\u0161ih podru\u010dja, u kasnijoj fazi pomaganjem u obnovi i povratku na svoja ognji\u0161ta.<\/p>\n","protected":false},"author":2,"featured_media":0,"comment_status":"closed","ping_status":"closed","sticky":false,"template":"","format":"standard","meta":{"footnotes":""},"categories":[2],"tags":[],"class_list":["post-510","post","type-post","status-publish","format-standard","hentry","category-novosti"],"_links":{"self":[{"href":"https:\/\/skupstinazp.ba\/new\/wp-json\/wp\/v2\/posts\/510","targetHints":{"allow":["GET"]}}],"collection":[{"href":"https:\/\/skupstinazp.ba\/new\/wp-json\/wp\/v2\/posts"}],"about":[{"href":"https:\/\/skupstinazp.ba\/new\/wp-json\/wp\/v2\/types\/post"}],"author":[{"embeddable":true,"href":"https:\/\/skupstinazp.ba\/new\/wp-json\/wp\/v2\/users\/2"}],"replies":[{"embeddable":true,"href":"https:\/\/skupstinazp.ba\/new\/wp-json\/wp\/v2\/comments?post=510"}],"version-history":[{"count":0,"href":"https:\/\/skupstinazp.ba\/new\/wp-json\/wp\/v2\/posts\/510\/revisions"}],"wp:attachment":[{"href":"https:\/\/skupstinazp.ba\/new\/wp-json\/wp\/v2\/media?parent=510"}],"wp:term":[{"taxonomy":"category","embeddable":true,"href":"https:\/\/skupstinazp.ba\/new\/wp-json\/wp\/v2\/categories?post=510"},{"taxonomy":"post_tag","embeddable":true,"href":"https:\/\/skupstinazp.ba\/new\/wp-json\/wp\/v2\/tags?post=510"}],"curies":[{"name":"wp","href":"https:\/\/api.w.org\/{rel}","templated":true}]}}