{"id":513,"date":"2012-04-18T18:24:14","date_gmt":"2012-04-18T18:24:14","guid":{"rendered":"http:\/\/skupstinazp.ba\/?p=513"},"modified":"2012-04-18T18:24:14","modified_gmt":"2012-04-18T18:24:14","slug":"odrzana-viii-sjednica-kolegija-skupstine-zupanije-posavske","status":"publish","type":"post","link":"https:\/\/skupstinazp.ba\/new\/odrzana-viii-sjednica-kolegija-skupstine-zupanije-posavske\/","title":{"rendered":"Odr\u017eana VIII. sjednica Kolegija Skup\u0161tine \u017dupanije Posavske"},"content":{"rendered":"<p>&nbsp;<\/p>\n<p><a href=\"http:\/\/skupstinazp.ba\/wp-content\/uploads\/2012\/04\/Zgrada.jpg\"><img loading=\"lazy\" decoding=\"async\" class=\"aligncenter size-large wp-image-514\" title=\"Zgrada\" src=\"http:\/\/skupstinazp.ba\/wp-content\/uploads\/2012\/04\/Zgrada-1024x574.jpg\" alt=\"\" width=\"584\" height=\"327\" \/><\/a>\u00a0DOMALJEVAC \u2013 18. travnja 2012. godine (srijeda) u Skup\u0161tini \u017dupanije Posavske odr\u017eana je VIII. sjednica Kolegija Skup\u0161tine. Na sjednici je utvr\u0111en datum i vrijeme odr\u017eavanja VII. redovite sjednice Skup\u0161tine \u017dupanije Posavske kao i dnevni red iste.<br \/>\n<!--more Pro\u010ditaj vi\u0161e--><br \/>\nSjednica \u0107e biti odr\u017eana 26. travnja 2012. godine (\u010detvrtak) u 11,00 sati u dvorani za sjednice Skup\u0161tine \u017dupanije Posavske u Domaljevcu. Kolegij je usuglasio Dnevni red od pet to\u010daka. Tako\u0111er je usugla\u0161eno da \u0107e skup\u0161tinski odbori zasjedati u utorak 24. travnja 2012. godine.<\/p>\n<p><strong>\u00a0 \u00a0 \u00a0 \u00a0 \u00a0 \u00a0 \u00a0 \u00a0 \u00a0 \u00a0 \u00a0 \u00a0 \u00a0 \u00a0 \u00a0 \u00a0 \u00a0 \u00a0 \u00a0 \u00a0 \u00a0 \u00a0 \u00a0 \u00a0 \u00a0 \u00a0 \u00a0 \u00a0 \u00a0 \u00a0 \u00a0 \u00a0 \u00a0 \u00a0 \u00a0 \u00a0 \u00a0 \u00a0 \u00a0 \u00a0 \u00a0 \u00a0 \u00a0 \u00a0 \u00a0 Stru\u010dna slu\u017eba Skup\u0161tine<\/strong><\/p>\n<p>&nbsp;<\/p>\n","protected":false},"excerpt":{"rendered":"<p>&nbsp; \u00a0DOMALJEVAC \u2013 18. travnja 2012. godine (srijeda) u Skup\u0161tini \u017dupanije Posavske odr\u017eana je VIII. sjednica Kolegija Skup\u0161tine. Na sjednici je utvr\u0111en datum i vrijeme odr\u017eavanja VII. redovite sjednice Skup\u0161tine \u017dupanije Posavske kao i dnevni red iste.<\/p>\n","protected":false},"author":2,"featured_media":0,"comment_status":"closed","ping_status":"closed","sticky":false,"template":"","format":"standard","meta":{"footnotes":""},"categories":[2],"tags":[20,52,60,68,71,87],"class_list":["post-513","post","type-post","status-publish","format-standard","hentry","category-novosti","tag-domaljevac","tag-odzak","tag-posavske","tag-sjednica","tag-skupstina","tag-zupanije"],"_links":{"self":[{"href":"https:\/\/skupstinazp.ba\/new\/wp-json\/wp\/v2\/posts\/513","targetHints":{"allow":["GET"]}}],"collection":[{"href":"https:\/\/skupstinazp.ba\/new\/wp-json\/wp\/v2\/posts"}],"about":[{"href":"https:\/\/skupstinazp.ba\/new\/wp-json\/wp\/v2\/types\/post"}],"author":[{"embeddable":true,"href":"https:\/\/skupstinazp.ba\/new\/wp-json\/wp\/v2\/users\/2"}],"replies":[{"embeddable":true,"href":"https:\/\/skupstinazp.ba\/new\/wp-json\/wp\/v2\/comments?post=513"}],"version-history":[{"count":0,"href":"https:\/\/skupstinazp.ba\/new\/wp-json\/wp\/v2\/posts\/513\/revisions"}],"wp:attachment":[{"href":"https:\/\/skupstinazp.ba\/new\/wp-json\/wp\/v2\/media?parent=513"}],"wp:term":[{"taxonomy":"category","embeddable":true,"href":"https:\/\/skupstinazp.ba\/new\/wp-json\/wp\/v2\/categories?post=513"},{"taxonomy":"post_tag","embeddable":true,"href":"https:\/\/skupstinazp.ba\/new\/wp-json\/wp\/v2\/tags?post=513"}],"curies":[{"name":"wp","href":"https:\/\/api.w.org\/{rel}","templated":true}]}}