{"id":517,"date":"2012-04-19T20:05:07","date_gmt":"2012-04-19T20:05:07","guid":{"rendered":"http:\/\/skupstinazp.ba\/?p=517"},"modified":"2012-04-19T20:05:07","modified_gmt":"2012-04-19T20:05:07","slug":"zakazana-vii-redovita-sjednica-skupstine-zupanije-posavske","status":"publish","type":"post","link":"https:\/\/skupstinazp.ba\/new\/zakazana-vii-redovita-sjednica-skupstine-zupanije-posavske\/","title":{"rendered":"Zakazana VII. redovita sjednica Skup\u0161tine \u017dupanije Posavske"},"content":{"rendered":"<p>&nbsp;<\/p>\n<p style=\"text-align: center;\"><a href=\"http:\/\/skupstinazp.ba\/wp-content\/uploads\/2011\/11\/Skup\u0161tina-\u017dupanije-Posavske1.jpg\"><img loading=\"lazy\" decoding=\"async\" class=\"wp-image-77\" title=\"Skup\u0161tina \u017dupanije Posavske\" src=\"http:\/\/skupstinazp.ba\/wp-content\/uploads\/2011\/11\/Skup\u0161tina-\u017dupanije-Posavske1.jpg\" alt=\"\" width=\"500\" height=\"300\" \/><\/a><\/p>\n<p style=\"text-align: left;\">DOMALJEVAC \u2013 zasjedanje VII. sjednice Skup\u0161tine \u017dupanije Posavske planirano je za \u010detvrtak <strong>26. travnja \u00a02012. godine<\/strong> u dvorani za sjednice Skup\u0161tine \u017dupanije Posavske u Domaljevcu od 11,00 sati.<\/p>\n<p> <!--more Pro\u010ditaj vi\u0161e --><br \/>\nNa Dnevnom redu su slijede\u0107e to\u010dke:<br \/>\n1.Program rada Skup\u0161tine \u017dupanije Posavske za 2012. godinu<br \/>\n2.Izvje\u0161\u0107e o radu Vlade \u017dupanije Posavske za 2011. godinu<br \/>\n3.Program rada Vlade \u017dupanije Posavske za 2012. godinu<br \/>\n4.Prijedlog Prora\u010duna \u017dupanije Posavske za 2012. godinu<br \/>\n5.Prijedlog zakona o izvr\u0161avanju Prora\u010duna \u017dupanije Posavske za 2012. godinu<\/p>\n<p>&nbsp;<\/p>\n<p><strong>Stru\u010dna slu\u017eba Skup\u0161tine<\/strong><\/p>\n<p style=\"text-align: right;\">Materijale za sjednicu mo\u017eete skinuti\u00a0<a href=\"http:\/\/skupstinazp.ba\/wp-content\/uploads\/2012\/04\/Materijali.rar\">ovdje.<\/a><\/p>\n","protected":false},"excerpt":{"rendered":"<p>&nbsp; DOMALJEVAC \u2013 zasjedanje VII. sjednice Skup\u0161tine \u017dupanije Posavske planirano je za \u010detvrtak 26. travnja \u00a02012. godine u dvorani za sjednice Skup\u0161tine \u017dupanije Posavske u Domaljevcu od 11,00 sati.<\/p>\n","protected":false},"author":2,"featured_media":0,"comment_status":"closed","ping_status":"closed","sticky":false,"template":"","format":"standard","meta":{"footnotes":""},"categories":[3],"tags":[20,52,60,68,71,87],"class_list":["post-517","post","type-post","status-publish","format-standard","hentry","category-obavijesti","tag-domaljevac","tag-odzak","tag-posavske","tag-sjednica","tag-skupstina","tag-zupanije"],"_links":{"self":[{"href":"https:\/\/skupstinazp.ba\/new\/wp-json\/wp\/v2\/posts\/517","targetHints":{"allow":["GET"]}}],"collection":[{"href":"https:\/\/skupstinazp.ba\/new\/wp-json\/wp\/v2\/posts"}],"about":[{"href":"https:\/\/skupstinazp.ba\/new\/wp-json\/wp\/v2\/types\/post"}],"author":[{"embeddable":true,"href":"https:\/\/skupstinazp.ba\/new\/wp-json\/wp\/v2\/users\/2"}],"replies":[{"embeddable":true,"href":"https:\/\/skupstinazp.ba\/new\/wp-json\/wp\/v2\/comments?post=517"}],"version-history":[{"count":0,"href":"https:\/\/skupstinazp.ba\/new\/wp-json\/wp\/v2\/posts\/517\/revisions"}],"wp:attachment":[{"href":"https:\/\/skupstinazp.ba\/new\/wp-json\/wp\/v2\/media?parent=517"}],"wp:term":[{"taxonomy":"category","embeddable":true,"href":"https:\/\/skupstinazp.ba\/new\/wp-json\/wp\/v2\/categories?post=517"},{"taxonomy":"post_tag","embeddable":true,"href":"https:\/\/skupstinazp.ba\/new\/wp-json\/wp\/v2\/tags?post=517"}],"curies":[{"name":"wp","href":"https:\/\/api.w.org\/{rel}","templated":true}]}}