{"id":539,"date":"2012-04-27T20:37:29","date_gmt":"2012-04-27T20:37:29","guid":{"rendered":"http:\/\/skupstinazp.ba\/?p=539"},"modified":"2012-04-27T20:37:29","modified_gmt":"2012-04-27T20:37:29","slug":"usvojen-proracun-za-2012-godinu","status":"publish","type":"post","link":"https:\/\/skupstinazp.ba\/new\/usvojen-proracun-za-2012-godinu\/","title":{"rendered":"Usvojen prora\u010dun za 2012. godinu"},"content":{"rendered":"<p style=\"text-align: center;\"><a href=\"http:\/\/skupstinazp.ba\/wp-content\/uploads\/2011\/12\/Zgrada.jpg\"><img loading=\"lazy\" decoding=\"async\" class=\"wp-image-239\" title=\"Zgrada\" src=\"http:\/\/skupstinazp.ba\/wp-content\/uploads\/2011\/12\/Zgrada-1024x574.jpg\" alt=\"\" width=\"500\" height=\"300\" \/><\/a><\/p>\n<p style=\"text-align: justify;\">DOMALJEVAC \u2013 U sjedi\u0161tu zakonodavne vlasti u Domaljevcu, u dvorani za sjednice Skup\u0161tine odr\u017eana je VII. sjednica Skup\u0161tine \u017dupanije Posavske, 26.04. 2012. godine. Zastupnici su usvojili Program rada Skup\u0161tine \u017dupanije Posavske za 2012.g., Izvje\u0161\u0107e o radu Vlade \u017dupanije Posavske za 2011.g. i Program rada Vlade \u017dupanije Posavske za 2012.g. Skup\u0161tina je usvojila i Prora\u010dun \u017dupanije Posavske za 2012. godinu u iznosu od 31.044.600,00 KM, te Zakon o izvr\u0161avanju Prora\u010duna \u017dupanije Posavske za 2012.g.<\/p>\n<p> <!--more Pro\u010ditaj vi\u0161e --><\/p>\n<p style=\"text-align: justify;\">Programom rada, Skup\u0161tina \u017dupanije Posavske tijekom 2012.g. planira odr\u017eavati redovite, a po ukazanoj potrebi, izvanredne kao i tematske sjednice. Planirane su sjednice iz oblasti zdravstva, poljoprivrede i gospodarstva. Na sjednicama Skup\u0161tina, zna\u010dajno mjesto, planira posvetiti zakonodavnim temama (donositi zakone i propise), razmatrati 34 izvje\u0161\u0107a, informacije i analize, te redovito odr\u017eavati sjednice Kolegija Skup\u0161tine radi unaprje\u0111enja u\u010dinkovitosti i uskla\u0111ivanja rada Skup\u0161tine i njenih radnih tijela. Iz prvog u drugi kvartal je preba\u010deno dono\u0161enje Prora\u010duna \u017dupanije Posavske.<\/p>\n<p style=\"text-align: justify;\">Vlada \u017dupanije Posavske je u 2011. godine odr\u017eala ukupno 28. sjednica sa 360 to\u010daka dnevnoga reda, odnosno prosje\u010dno 13 to\u010daka po sjednici. U ovom razdoblju Vlada je razmatrala i utvrdila 8 prijedloga Zakona, prijedlog Prora\u010duna za 2011.g. prijedlog izmjena i dopuna Prora\u010duna za 2011.g. te 3 prijedloga odluka koje su upu\u0107ene Skup\u0161tini \u017dupanije Posavske na razmatranje i usvajanje. Ostale aktivnosti Vlade zasnivale su se na poslovima utvr\u0111enim Ustavom \u017dupanije Posavske \u0161to se osobito odnosi na: davanje suglasnosti na akte, davanje izja\u0161njenja, mi\u0161ljenja ili suglasnosti, davanje ovla\u0161tenja i preporuka, imenovanja u nadle\u017enosti Vlade i druge poslove.<\/p>\n<p style=\"text-align: justify;\">Programom rada Vlade \u017dupanije Posavske za 2012. me\u0111u strate\u0161ke ciljeve uvr\u0161teno je nastavljanje mjera \u0161tednje na materijalnim tro\u0161kovima i u dijelu grantovske potro\u0161nje koja nije zakonima uvjetovana uz osiguranje materijalnog statusa korisnika Prora\u010duna na razini prvobitno usvojenog Prora\u010duna za 2011.g. Mjere \u0161tednje u 2012. godini planirane su i u kapitalnoj potro\u0161nji inzistiraju\u0107i na osiguranju izvora sredstava od ostalih razina vlasti te inozemnih vlada i me\u0111unarodnih organizacija. Manjak sredstava u Prora\u010dunu za 2012.g. Vlada planira osigurati aktivnim anga\u017emanom njenih \u010dlanova, osobito u dijelu pomo\u0107i ni\u017eim razinama vlasti s Teku\u0107e pri\u010duve Prora\u010duna Federacije. Dalje inzistirati na pravednoj i zakonitoj raspodjeli prihoda od neizravnih poreza u F BiH zala\u017eu\u0107i se za izmjenu na\u010dina raspodjele ovih prihoda utvr\u0111enih Zakonom o pripadnosti javnih prihoda u FBiH.<\/p>\n<p style=\"text-align: justify;\">Predsjednik Vlade \u017dupanije Posavske mr.sc. Marijan Or\u0161oli\u0107 tijekom zasjedanja Skup\u0161tine me\u0111u osnovne prioritete rada Vlade i u 2012.g. istaknuo je maksimalnu<br \/>\nusredoto\u010denost na osiguranje prora\u010dunske stabilnosti i uravnote\u017eenosti u okru\u017eenju izuzetno slo\u017eenih i te\u0161kih dru\u0161tveno ekonomskih kretanja.<br \/>\nSkup\u0161tina \u017dupanije Posavske je na VII. sjednici usvojila Prora\u010dun \u017dupanije Posavske. Visina Prora\u010duna za 2012.g. je u iznosu od 31.044.600,00 KM. U tom su iznosu predvi\u0111eni prihodi i primici te jednako i izdaci. Prora\u010dun \u017dupanije Posavske za 2012.g. bit \u0107e objavljen na ovoj web stranici (Prora\u010duni) po objavljivanju u \u201eNarodnim novinama \u017dupanije Posavske\u201c.<\/p>\n<p style=\"text-align: justify;\">Sve su to\u010dke prihva\u0107ene ve\u0107inom skup\u0161tinskih zastupnika.<\/p>\n<p style=\"text-align: justify;\">Skra\u0107eni zapisnik<\/p>\n<p style=\"text-align: justify;\">[soundcloud]http:\/\/soundcloud.com\/skupstina123\/260412-vii-sjednica-3[\/soundcloud]<\/p>\n<p>Zastupni\u010dka pitanja<\/p>\n<p>[soundcloud]http:\/\/soundcloud.com\/skupstina123\/260412-vii-sjednica-2[\/soundcloud]<\/p>\n<p>&nbsp;<\/p>\n<p>Dnevni red<\/p>\n<p>[soundcloud]http:\/\/soundcloud.com\/skupstina123\/260412-vii-sjednica-4[\/soundcloud]<\/p>\n<p>&nbsp;<\/p>\n<p>1. to\u010dka &#8211; Program rada Skup\u0161tine \u017dupanije Posavske<\/p>\n<p>[soundcloud]http:\/\/soundcloud.com\/skupstina123\/260412-vii-sjednica[\/soundcloud]<\/p>\n<p>&nbsp;<\/p>\n<p>2. to\u010dka &#8211; Izvje\u0161\u0107e o radu Vlade \u017dupanije Posavske<\/p>\n<p>[soundcloud]http:\/\/soundcloud.com\/skupstina123\/260412-vii-sjednica-skupstine[\/soundcloud]<\/p>\n<p>&nbsp;<\/p>\n<p>3. to\u010dka &#8211; Program rada Vlade \u017dupanije Posavske<\/p>\n<p>[soundcloud]http:\/\/soundcloud.com\/skupstina123\/260412-vii-sjednica-1[\/soundcloud]<\/p>\n<p>&nbsp;<\/p>\n<p>4. to\u010dka &#8211; Prora\u010dun<\/p>\n<p>[soundcloud]http:\/\/soundcloud.com\/skupstinazpba\/260412-vii-sjednica[\/soundcloud]<\/p>\n<p>&nbsp;<\/p>\n<p>5. to\u010dka &#8211; Zakon o prora\u010dunu<\/p>\n<p>[soundcloud]http:\/\/soundcloud.com\/skupstinazpba\/260412-vii-sjednica-skupstine[\/soundcloud]<\/p>\n","protected":false},"excerpt":{"rendered":"<p>DOMALJEVAC \u2013 U sjedi\u0161tu zakonodavne vlasti u Domaljevcu, u dvorani za sjednice Skup\u0161tine odr\u017eana je VII. sjednica Skup\u0161tine \u017dupanije Posavske, 26.04. 2012. godine. Zastupnici su usvojili Program rada Skup\u0161tine \u017dupanije Posavske za 2012.g., Izvje\u0161\u0107e o radu Vlade \u017dupanije Posavske za 2011.g. i Program rada Vlade \u017dupanije Posavske za 2012.g. Skup\u0161tina je usvojila i Prora\u010dun \u017dupanije &hellip;<br \/><a href=\"https:\/\/skupstinazp.ba\/new\/usvojen-proracun-za-2012-godinu\/\" class=\"more-link pen_button pen_element_default pen_icon_arrow_double\">Nastavite \u010ditati <span class=\"screen-reader-text\">Usvojen prora\u010dun za 2012. godinu<\/span><\/a><\/p>\n","protected":false},"author":2,"featured_media":0,"comment_status":"closed","ping_status":"closed","sticky":false,"template":"","format":"standard","meta":{"footnotes":""},"categories":[3],"tags":[20,60,71,87],"class_list":["post-539","post","type-post","status-publish","format-standard","hentry","category-obavijesti","tag-domaljevac","tag-posavske","tag-skupstina","tag-zupanije"],"_links":{"self":[{"href":"https:\/\/skupstinazp.ba\/new\/wp-json\/wp\/v2\/posts\/539","targetHints":{"allow":["GET"]}}],"collection":[{"href":"https:\/\/skupstinazp.ba\/new\/wp-json\/wp\/v2\/posts"}],"about":[{"href":"https:\/\/skupstinazp.ba\/new\/wp-json\/wp\/v2\/types\/post"}],"author":[{"embeddable":true,"href":"https:\/\/skupstinazp.ba\/new\/wp-json\/wp\/v2\/users\/2"}],"replies":[{"embeddable":true,"href":"https:\/\/skupstinazp.ba\/new\/wp-json\/wp\/v2\/comments?post=539"}],"version-history":[{"count":0,"href":"https:\/\/skupstinazp.ba\/new\/wp-json\/wp\/v2\/posts\/539\/revisions"}],"wp:attachment":[{"href":"https:\/\/skupstinazp.ba\/new\/wp-json\/wp\/v2\/media?parent=539"}],"wp:term":[{"taxonomy":"category","embeddable":true,"href":"https:\/\/skupstinazp.ba\/new\/wp-json\/wp\/v2\/categories?post=539"},{"taxonomy":"post_tag","embeddable":true,"href":"https:\/\/skupstinazp.ba\/new\/wp-json\/wp\/v2\/tags?post=539"}],"curies":[{"name":"wp","href":"https:\/\/api.w.org\/{rel}","templated":true}]}}