{"id":546,"date":"2012-05-03T09:54:46","date_gmt":"2012-05-03T09:54:46","guid":{"rendered":"http:\/\/skupstinazp.ba\/?p=546"},"modified":"2012-05-03T09:54:46","modified_gmt":"2012-05-03T09:54:46","slug":"svjetski-dan-slobode-medija","status":"publish","type":"post","link":"https:\/\/skupstinazp.ba\/new\/svjetski-dan-slobode-medija\/","title":{"rendered":"Svjetski dan slobode medija"},"content":{"rendered":"<p><a href=\"http:\/\/skupstinazp.ba\/wp-content\/uploads\/2012\/05\/Zgrada.jpg\"><img loading=\"lazy\" decoding=\"async\" class=\"aligncenter size-large wp-image-547\" title=\"Zgrada\" src=\"http:\/\/skupstinazp.ba\/wp-content\/uploads\/2012\/05\/Zgrada-1024x574.jpg\" alt=\"\" width=\"584\" height=\"327\" \/><\/a><\/p>\n<p style=\"text-align: justify;\">\u200bU povodu Svjetskog dana medija svim medijima koji djeluju na podru\u010dju \u017dupanije Posavske upu\u0107ujemo iskrene \u010destitke. Mediji na ovom na\u0161em posavskom podru\u010dju u\u010dinili su mnogo u razvoju demokrati\u010dnosti i slobode pristupa svim vrstama informacija. Nadamo se da \u0107e i u budu\u0107nosti mediji imati zna\u010dajnu ulogu u informiranju mje\u0161tana \u017dupanije Posavske, bilo da se oni nalaze na podru\u010dju \u017dupanije Posavske ili negdje u svijetu.<\/p>\n<p>Predsjednik Skup\u0161tine<br \/>\n\u017dupanije Posavske<\/p>\n<p><strong>Mario Jurki\u0107, prof<\/strong><\/p>\n","protected":false},"excerpt":{"rendered":"<p>\u200bU povodu Svjetskog dana medija svim medijima koji djeluju na podru\u010dju \u017dupanije Posavske upu\u0107ujemo iskrene \u010destitke. Mediji na ovom na\u0161em posavskom podru\u010dju u\u010dinili su mnogo u razvoju demokrati\u010dnosti i slobode pristupa svim vrstama informacija. Nadamo se da \u0107e i u budu\u0107nosti mediji imati zna\u010dajnu ulogu u informiranju mje\u0161tana \u017dupanije Posavske, bilo da se oni nalaze &hellip;<br \/><a href=\"https:\/\/skupstinazp.ba\/new\/svjetski-dan-slobode-medija\/\" class=\"more-link pen_button pen_element_default pen_icon_arrow_double\">Nastavite \u010ditati <span class=\"screen-reader-text\">Svjetski dan slobode medija<\/span><\/a><\/p>\n","protected":false},"author":2,"featured_media":0,"comment_status":"closed","ping_status":"closed","sticky":false,"template":"","format":"standard","meta":{"footnotes":""},"categories":[2],"tags":[],"class_list":["post-546","post","type-post","status-publish","format-standard","hentry","category-novosti"],"_links":{"self":[{"href":"https:\/\/skupstinazp.ba\/new\/wp-json\/wp\/v2\/posts\/546","targetHints":{"allow":["GET"]}}],"collection":[{"href":"https:\/\/skupstinazp.ba\/new\/wp-json\/wp\/v2\/posts"}],"about":[{"href":"https:\/\/skupstinazp.ba\/new\/wp-json\/wp\/v2\/types\/post"}],"author":[{"embeddable":true,"href":"https:\/\/skupstinazp.ba\/new\/wp-json\/wp\/v2\/users\/2"}],"replies":[{"embeddable":true,"href":"https:\/\/skupstinazp.ba\/new\/wp-json\/wp\/v2\/comments?post=546"}],"version-history":[{"count":0,"href":"https:\/\/skupstinazp.ba\/new\/wp-json\/wp\/v2\/posts\/546\/revisions"}],"wp:attachment":[{"href":"https:\/\/skupstinazp.ba\/new\/wp-json\/wp\/v2\/media?parent=546"}],"wp:term":[{"taxonomy":"category","embeddable":true,"href":"https:\/\/skupstinazp.ba\/new\/wp-json\/wp\/v2\/categories?post=546"},{"taxonomy":"post_tag","embeddable":true,"href":"https:\/\/skupstinazp.ba\/new\/wp-json\/wp\/v2\/tags?post=546"}],"curies":[{"name":"wp","href":"https:\/\/api.w.org\/{rel}","templated":true}]}}