{"id":556,"date":"2012-05-04T16:35:45","date_gmt":"2012-05-04T16:35:45","guid":{"rendered":"http:\/\/skupstinazp.ba\/?p=556"},"modified":"2012-05-04T16:35:45","modified_gmt":"2012-05-04T16:35:45","slug":"sastanak-s-predstavnicima-zdravstvenih-ustanova","status":"publish","type":"post","link":"https:\/\/skupstinazp.ba\/new\/sastanak-s-predstavnicima-zdravstvenih-ustanova\/","title":{"rendered":"Sastanak s predstavnicima zdravstvenih ustanova"},"content":{"rendered":"<p style=\"text-align: justify;\" align=\"center\">\n<p style=\"text-align: justify;\" align=\"center\"><a href=\"http:\/\/skupstinazp.ba\/wp-content\/uploads\/2012\/05\/P5030041.jpg\"><img loading=\"lazy\" decoding=\"async\" class=\"aligncenter size-large wp-image-564\" title=\"OLYMPUS DIGITAL CAMERA\" src=\"http:\/\/skupstinazp.ba\/wp-content\/uploads\/2012\/05\/P5030041-1024x768.jpg\" alt=\"\" width=\"584\" height=\"438\" srcset=\"https:\/\/skupstinazp.ba\/new\/wp-content\/uploads\/2012\/05\/P5030041-1024x768.jpg 1024w, https:\/\/skupstinazp.ba\/new\/wp-content\/uploads\/2012\/05\/P5030041-300x225.jpg 300w, https:\/\/skupstinazp.ba\/new\/wp-content\/uploads\/2012\/05\/P5030041-768x576.jpg 768w, https:\/\/skupstinazp.ba\/new\/wp-content\/uploads\/2012\/05\/P5030041-1536x1152.jpg 1536w, https:\/\/skupstinazp.ba\/new\/wp-content\/uploads\/2012\/05\/P5030041-2048x1536.jpg 2048w, https:\/\/skupstinazp.ba\/new\/wp-content\/uploads\/2012\/05\/P5030041-1568x1176.jpg 1568w\" sizes=\"auto, (max-width: 584px) 100vw, 584px\" \/><\/a><\/p>\n<p style=\"text-align: justify;\" align=\"center\">DOMALJEVAC \u2013 Predsjednik Skup\u0161tine \u017dupanije Posavske prof. Mario Jurki\u0107 razgovarao je u sjedi\u0161tu zakonodavne vlasti, Domaljevcu, s predstavnicima zdravstvenih ustanova s podru\u010dja \u017dupanije Posavske. <!--more Pro\u010ditaj vi\u0161e--><br \/>\nSastanku je bio nazo\u010dan i ministar zdravstva, rada i socijalne politike \u017dupanije Posavske Bla\u017e \u017dupari\u0107. Razmatrana su aktualna pitanja iz domena rada zdravstvenih ustanova. Predstavnici zdravstvenih ustanova su iznijeli sve probleme koje imaju u svome radu. Predstavnici Skup\u0161tine \u017dupanije Posavske su evidentirali probleme. Ovo je samo jedan u nizu sastanaka koji \u0107e biti organizirani na ovu temu prije zakazivanja<br \/>\ntematske sjednice Skup\u0161tine \u017dupanije Posavske.<\/p>\n","protected":false},"excerpt":{"rendered":"<p>DOMALJEVAC \u2013 Predsjednik Skup\u0161tine \u017dupanije Posavske prof. Mario Jurki\u0107 razgovarao je u sjedi\u0161tu zakonodavne vlasti, Domaljevcu, s predstavnicima zdravstvenih ustanova s podru\u010dja \u017dupanije Posavske.<\/p>\n","protected":false},"author":2,"featured_media":0,"comment_status":"closed","ping_status":"closed","sticky":false,"template":"","format":"standard","meta":{"footnotes":""},"categories":[2],"tags":[],"class_list":["post-556","post","type-post","status-publish","format-standard","hentry","category-novosti"],"_links":{"self":[{"href":"https:\/\/skupstinazp.ba\/new\/wp-json\/wp\/v2\/posts\/556","targetHints":{"allow":["GET"]}}],"collection":[{"href":"https:\/\/skupstinazp.ba\/new\/wp-json\/wp\/v2\/posts"}],"about":[{"href":"https:\/\/skupstinazp.ba\/new\/wp-json\/wp\/v2\/types\/post"}],"author":[{"embeddable":true,"href":"https:\/\/skupstinazp.ba\/new\/wp-json\/wp\/v2\/users\/2"}],"replies":[{"embeddable":true,"href":"https:\/\/skupstinazp.ba\/new\/wp-json\/wp\/v2\/comments?post=556"}],"version-history":[{"count":0,"href":"https:\/\/skupstinazp.ba\/new\/wp-json\/wp\/v2\/posts\/556\/revisions"}],"wp:attachment":[{"href":"https:\/\/skupstinazp.ba\/new\/wp-json\/wp\/v2\/media?parent=556"}],"wp:term":[{"taxonomy":"category","embeddable":true,"href":"https:\/\/skupstinazp.ba\/new\/wp-json\/wp\/v2\/categories?post=556"},{"taxonomy":"post_tag","embeddable":true,"href":"https:\/\/skupstinazp.ba\/new\/wp-json\/wp\/v2\/tags?post=556"}],"curies":[{"name":"wp","href":"https:\/\/api.w.org\/{rel}","templated":true}]}}