{"id":573,"date":"2012-05-08T19:09:41","date_gmt":"2012-05-08T19:09:41","guid":{"rendered":"http:\/\/skupstinazp.ba\/?p=573"},"modified":"2012-05-08T19:09:41","modified_gmt":"2012-05-08T19:09:41","slug":"europski-put-bih-i-obveze-fbih","status":"publish","type":"post","link":"https:\/\/skupstinazp.ba\/new\/europski-put-bih-i-obveze-fbih\/","title":{"rendered":"Europski put BiH i obveze FBiH"},"content":{"rendered":"<p>&nbsp;<\/p>\n<p><a href=\"http:\/\/skupstinazp.ba\/wp-content\/uploads\/2012\/05\/418541.jpg\"><img loading=\"lazy\" decoding=\"async\" class=\"aligncenter size-full wp-image-583\" title=\"418541\" src=\"http:\/\/skupstinazp.ba\/wp-content\/uploads\/2012\/05\/418541.jpg\" alt=\"\" width=\"596\" height=\"399\" srcset=\"https:\/\/skupstinazp.ba\/new\/wp-content\/uploads\/2012\/05\/418541.jpg 596w, https:\/\/skupstinazp.ba\/new\/wp-content\/uploads\/2012\/05\/418541-300x201.jpg 300w\" sizes=\"auto, (max-width: 596px) 100vw, 596px\" \/><\/a><\/p>\n<p>DOMALJEVAC \u2013 Predsjednik i dopredsjednik Skup\u0161tine \u017dupanije Posavske prof. Mario Jurki\u0107 i Anes Osmanovi\u0107 \u0107e nazo\u010diti IV. Tematskoj sjednici \u201eEuropski put BiH i obveze FBiH\u201c. Tematska sjednica \u0107e se odr\u017eati u Parlamentu Federacije BiH. Uvodni\u010dari po ovoj temi \u0107e biti Nj.E. Peter Sorensen, \u0161ef Izaslanstva EU u BiH, premijer Vlade Federacije BiH Nermin Nik\u0161i\u0107, direktor Direkcije za europske integracije BiH Nevenka Savi\u0107 i drugi.<\/p>\n","protected":false},"excerpt":{"rendered":"<p>&nbsp; DOMALJEVAC \u2013 Predsjednik i dopredsjednik Skup\u0161tine \u017dupanije Posavske prof. Mario Jurki\u0107 i Anes Osmanovi\u0107 \u0107e nazo\u010diti IV. Tematskoj sjednici \u201eEuropski put BiH i obveze FBiH\u201c. Tematska sjednica \u0107e se odr\u017eati u Parlamentu Federacije BiH. Uvodni\u010dari po ovoj temi \u0107e biti Nj.E. Peter Sorensen, \u0161ef Izaslanstva EU u BiH, premijer Vlade Federacije BiH Nermin Nik\u0161i\u0107, &hellip;<br \/><a href=\"https:\/\/skupstinazp.ba\/new\/europski-put-bih-i-obveze-fbih\/\" class=\"more-link pen_button pen_element_default pen_icon_arrow_double\">Nastavite \u010ditati <span class=\"screen-reader-text\">Europski put BiH i obveze FBiH<\/span><\/a><\/p>\n","protected":false},"author":2,"featured_media":0,"comment_status":"closed","ping_status":"closed","sticky":false,"template":"","format":"standard","meta":{"footnotes":""},"categories":[2],"tags":[],"class_list":["post-573","post","type-post","status-publish","format-standard","hentry","category-novosti"],"_links":{"self":[{"href":"https:\/\/skupstinazp.ba\/new\/wp-json\/wp\/v2\/posts\/573","targetHints":{"allow":["GET"]}}],"collection":[{"href":"https:\/\/skupstinazp.ba\/new\/wp-json\/wp\/v2\/posts"}],"about":[{"href":"https:\/\/skupstinazp.ba\/new\/wp-json\/wp\/v2\/types\/post"}],"author":[{"embeddable":true,"href":"https:\/\/skupstinazp.ba\/new\/wp-json\/wp\/v2\/users\/2"}],"replies":[{"embeddable":true,"href":"https:\/\/skupstinazp.ba\/new\/wp-json\/wp\/v2\/comments?post=573"}],"version-history":[{"count":0,"href":"https:\/\/skupstinazp.ba\/new\/wp-json\/wp\/v2\/posts\/573\/revisions"}],"wp:attachment":[{"href":"https:\/\/skupstinazp.ba\/new\/wp-json\/wp\/v2\/media?parent=573"}],"wp:term":[{"taxonomy":"category","embeddable":true,"href":"https:\/\/skupstinazp.ba\/new\/wp-json\/wp\/v2\/categories?post=573"},{"taxonomy":"post_tag","embeddable":true,"href":"https:\/\/skupstinazp.ba\/new\/wp-json\/wp\/v2\/tags?post=573"}],"curies":[{"name":"wp","href":"https:\/\/api.w.org\/{rel}","templated":true}]}}