{"id":585,"date":"2012-05-11T09:21:52","date_gmt":"2012-05-11T09:21:52","guid":{"rendered":"http:\/\/skupstinazp.ba\/?p=585"},"modified":"2012-05-11T09:21:52","modified_gmt":"2012-05-11T09:21:52","slug":"posjet-rukovodstvu-skupstine-brcko-distrikta","status":"publish","type":"post","link":"https:\/\/skupstinazp.ba\/new\/posjet-rukovodstvu-skupstine-brcko-distrikta\/","title":{"rendered":"Posjet rukovodstvu Skup\u0161tine Br\u010dko distrikta"},"content":{"rendered":"<p style=\"text-align: justify;\"><a href=\"http:\/\/skupstinazp.ba\/wp-content\/uploads\/2012\/05\/delegacije-skupstina.jpg\"><img loading=\"lazy\" decoding=\"async\" class=\"aligncenter size-full wp-image-586\" title=\"OLYMPUS DIGITAL CAMERA\" src=\"http:\/\/skupstinazp.ba\/wp-content\/uploads\/2012\/05\/delegacije-skupstina.jpg\" alt=\"\" width=\"448\" height=\"265\" srcset=\"https:\/\/skupstinazp.ba\/new\/wp-content\/uploads\/2012\/05\/delegacije-skupstina.jpg 448w, https:\/\/skupstinazp.ba\/new\/wp-content\/uploads\/2012\/05\/delegacije-skupstina-300x177.jpg 300w\" sizes=\"auto, (max-width: 448px) 100vw, 448px\" \/><\/a><\/p>\n<p style=\"text-align: justify;\">BR\u010cKO \u2013 Predsjednik i dopredsjednik Skup\u0161tine \u017dupanije posavske prof. Mario Jurki\u0107 i Anes Osmanovi\u0107 nastavili su aktivnosti usmjerene na posjete podru\u010djima BiH, kako bi se s tamo\u0161njim vodstvima skup\u0161tina sastali i razgovarali o njihovim dobrim iskustvima u radu parlamenata. Tako su u \u010detvrtak, 10. svibnja 2012. godine (\u010detvrtak) posjetili Br\u010dko, gdje su razgovarali s Esadom Ati\u0107em predsjednikom i Ivanom Krndeljom dopredsjednikom Skup\u0161tine Distrikta Br\u010dko. <!--more Pro\u010ditaj vi\u0161e--><br \/>\nRazgovaralo se o budu\u0107oj suradnji dvaju podru\u010dja, o ustroju Distrikta kao oblasti od dr\u017eavnog interesa, organizaciji rada Skup\u0161tine, broju zastupnika i na\u010dinu njihova organiziranja, prostornim uvjetima, financiranju i drugim organizacijskim rje\u0161enjima u Distriktu Br\u010dko. Zaklju\u010deno je da i Skup\u0161tina Distrikta Br\u010dko ima ve\u0107i broj uposlenika u Stru\u010dnoj slu\u017ebi i prate\u0107im slu\u017ebama Skup\u0161tine. Sredi\u0161te rada u Skup\u0161tini je tajnik, kojeg br\u010danska Skup\u0161tina ima, ali ga nema Skup\u0161tina \u017dupanije Posavske. Br\u010danska skup\u0161tina posjeduje sustav za elektronsko glasovanje, no ne koristi ga zbog poslovni\u010dkog rje\u0161enja, koje nema razra\u0111en na\u010din kori\u0161tenja tog sustava. Skup\u0161tina Distrikta Br\u010dko ima organiziran prijenos svojih sjednica posredstvom radija, u \u017eivo i odlo\u017eno na TV Hit. Da bi to bilo omogu\u0107eno razvijen je jak sustav za\u0161tite kroz Kodeks pona\u0161anja. Istodobno Skup\u0161tina Distrikta Br\u010dko na svojoj web stranici nema arhivirane sjednice Skup\u0161tine, pa su u Br\u010dkom pohvalili ovakav na\u010din i pristup demokratskim procesima i uvo\u0111enju novih medijskih sloboda.<\/p>\n<p style=\"text-align: center;\">[tube]http:\/\/www.youtube.com\/watch?v=Xymq_gKSGGw[\/tube]<\/p>\n<p style=\"text-align: justify;\">Pogledajte kako drugi mediji prenose ovu vijest:<\/p>\n<p style=\"text-align: justify;\"><a title=\"Skup\u0161tina \u017dupanije Posavske\" href=\"http:\/\/brcko-24h.com\/index.php?option=com_content&amp;view=article&amp;id=5431&amp;catid=24&amp;Itemid=33\" target=\"_blank\" rel=\"noopener\">Br\u010dko-24h<\/a><\/p>\n<p style=\"text-align: justify;\"><a title=\"Radio-Br\u010dko Susret Skup\u0161tina\" href=\"http:\/\/radio-brcko.co.ba\/skupstini-zupanije-posavske-zanimljiv-poslovnik-skupstine-brcko-distrikta\/\" target=\"_blank\" rel=\"noopener\">Radio-Br\u010dko<\/a><\/p>\n","protected":false},"excerpt":{"rendered":"<p>BR\u010cKO \u2013 Predsjednik i dopredsjednik Skup\u0161tine \u017dupanije posavske prof. Mario Jurki\u0107 i Anes Osmanovi\u0107 nastavili su aktivnosti usmjerene na posjete podru\u010djima BiH, kako bi se s tamo\u0161njim vodstvima skup\u0161tina sastali i razgovarali o njihovim dobrim iskustvima u radu parlamenata. Tako su u \u010detvrtak, 10. svibnja 2012. godine (\u010detvrtak) posjetili Br\u010dko, gdje su razgovarali s Esadom &hellip;<br \/><a href=\"https:\/\/skupstinazp.ba\/new\/posjet-rukovodstvu-skupstine-brcko-distrikta\/\" class=\"more-link pen_button pen_element_default pen_icon_arrow_double\">Nastavite \u010ditati <span class=\"screen-reader-text\">Posjet rukovodstvu Skup\u0161tine Br\u010dko distrikta<\/span><\/a><\/p>\n","protected":false},"author":2,"featured_media":0,"comment_status":"closed","ping_status":"closed","sticky":false,"template":"","format":"standard","meta":{"footnotes":""},"categories":[2],"tags":[],"class_list":["post-585","post","type-post","status-publish","format-standard","hentry","category-novosti"],"_links":{"self":[{"href":"https:\/\/skupstinazp.ba\/new\/wp-json\/wp\/v2\/posts\/585","targetHints":{"allow":["GET"]}}],"collection":[{"href":"https:\/\/skupstinazp.ba\/new\/wp-json\/wp\/v2\/posts"}],"about":[{"href":"https:\/\/skupstinazp.ba\/new\/wp-json\/wp\/v2\/types\/post"}],"author":[{"embeddable":true,"href":"https:\/\/skupstinazp.ba\/new\/wp-json\/wp\/v2\/users\/2"}],"replies":[{"embeddable":true,"href":"https:\/\/skupstinazp.ba\/new\/wp-json\/wp\/v2\/comments?post=585"}],"version-history":[{"count":0,"href":"https:\/\/skupstinazp.ba\/new\/wp-json\/wp\/v2\/posts\/585\/revisions"}],"wp:attachment":[{"href":"https:\/\/skupstinazp.ba\/new\/wp-json\/wp\/v2\/media?parent=585"}],"wp:term":[{"taxonomy":"category","embeddable":true,"href":"https:\/\/skupstinazp.ba\/new\/wp-json\/wp\/v2\/categories?post=585"},{"taxonomy":"post_tag","embeddable":true,"href":"https:\/\/skupstinazp.ba\/new\/wp-json\/wp\/v2\/tags?post=585"}],"curies":[{"name":"wp","href":"https:\/\/api.w.org\/{rel}","templated":true}]}}