{"id":601,"date":"2012-05-14T20:20:28","date_gmt":"2012-05-14T20:20:28","guid":{"rendered":"http:\/\/skupstinazp.ba\/?p=601"},"modified":"2012-05-14T20:20:28","modified_gmt":"2012-05-14T20:20:28","slug":"posjet-delegacije-skupstine-zupanije-posavske-ministarstvu-za-ljudska-prava-i-izbjeglice-bih","status":"publish","type":"post","link":"https:\/\/skupstinazp.ba\/new\/posjet-delegacije-skupstine-zupanije-posavske-ministarstvu-za-ljudska-prava-i-izbjeglice-bih\/","title":{"rendered":"Posjet izaslanstva Skup\u0161tine \u017dupanije Posavske Ministarstvu za ljudska prava i izbjeglice BiH"},"content":{"rendered":"<p><a href=\"http:\/\/skupstinazp.ba\/wp-content\/uploads\/2012\/05\/Sastanak-sa-Posavskom-zupanijom.jpg\"><img loading=\"lazy\" decoding=\"async\" class=\"aligncenter size-full wp-image-602\" title=\"Sastanak sa Posavskom zupanijom\" src=\"http:\/\/skupstinazp.ba\/wp-content\/uploads\/2012\/05\/Sastanak-sa-Posavskom-zupanijom.jpg\" alt=\"\" width=\"567\" height=\"425\" srcset=\"https:\/\/skupstinazp.ba\/new\/wp-content\/uploads\/2012\/05\/Sastanak-sa-Posavskom-zupanijom.jpg 567w, https:\/\/skupstinazp.ba\/new\/wp-content\/uploads\/2012\/05\/Sastanak-sa-Posavskom-zupanijom-300x225.jpg 300w\" sizes=\"auto, (max-width: 567px) 100vw, 567px\" \/><\/a><\/p>\n<p style=\"text-align: justify;\">SARAJEVO-\u00a0Ministar za ljudska prava i izbjeglice BiH mr.sc. Damir Ljubi\u0107 primio je danas u svom uredu zajedno sa svojim savjetnicima i pomo\u0107nicima izaslanstvo Skup\u0161tine \u017dupanije Posavske u sastavu predsjednik Skup\u0161tine Mario Jurki\u0107, zamjenik predsjednika Anes Osmanovi\u0107, ministar financija u Vladi \u017dupanije Posavske Mato Bra\u0161ni\u0107 i na\u010delnik op\u0107ine Domaljevac \u2013 \u0160amac \u017deljko Josi\u0107. <!--more Pro\u010ditaj vi\u0161e--><br \/>\nNa sastanku se razgovaralo o planiranim projektima ministarstva, te eventualnoj dostupnosti sredstava dio kojih bi se mogao usmjeriti za izgradnju stambenih jedinica te pobolj\u0161anje lokalne infrakstruture u ovoj \u017eupaniji \u010dime bi se promovirao odr\u017eivi povratak,\u00a0ali i drugim vidovima suradnje ministarstva i organa Skup\u0161tine \u017dupanije Posavske.<\/p>\n<p>&nbsp;<\/p>\n","protected":false},"excerpt":{"rendered":"<p>SARAJEVO-\u00a0Ministar za ljudska prava i izbjeglice BiH mr.sc. Damir Ljubi\u0107 primio je danas u svom uredu zajedno sa svojim savjetnicima i pomo\u0107nicima izaslanstvo Skup\u0161tine \u017dupanije Posavske u sastavu predsjednik Skup\u0161tine Mario Jurki\u0107, zamjenik predsjednika Anes Osmanovi\u0107, ministar financija u Vladi \u017dupanije Posavske Mato Bra\u0161ni\u0107 i na\u010delnik op\u0107ine Domaljevac \u2013 \u0160amac \u017deljko Josi\u0107.<\/p>\n","protected":false},"author":2,"featured_media":0,"comment_status":"closed","ping_status":"closed","sticky":false,"template":"","format":"standard","meta":{"footnotes":""},"categories":[2],"tags":[],"class_list":["post-601","post","type-post","status-publish","format-standard","hentry","category-novosti"],"_links":{"self":[{"href":"https:\/\/skupstinazp.ba\/new\/wp-json\/wp\/v2\/posts\/601","targetHints":{"allow":["GET"]}}],"collection":[{"href":"https:\/\/skupstinazp.ba\/new\/wp-json\/wp\/v2\/posts"}],"about":[{"href":"https:\/\/skupstinazp.ba\/new\/wp-json\/wp\/v2\/types\/post"}],"author":[{"embeddable":true,"href":"https:\/\/skupstinazp.ba\/new\/wp-json\/wp\/v2\/users\/2"}],"replies":[{"embeddable":true,"href":"https:\/\/skupstinazp.ba\/new\/wp-json\/wp\/v2\/comments?post=601"}],"version-history":[{"count":0,"href":"https:\/\/skupstinazp.ba\/new\/wp-json\/wp\/v2\/posts\/601\/revisions"}],"wp:attachment":[{"href":"https:\/\/skupstinazp.ba\/new\/wp-json\/wp\/v2\/media?parent=601"}],"wp:term":[{"taxonomy":"category","embeddable":true,"href":"https:\/\/skupstinazp.ba\/new\/wp-json\/wp\/v2\/categories?post=601"},{"taxonomy":"post_tag","embeddable":true,"href":"https:\/\/skupstinazp.ba\/new\/wp-json\/wp\/v2\/tags?post=601"}],"curies":[{"name":"wp","href":"https:\/\/api.w.org\/{rel}","templated":true}]}}