{"id":606,"date":"2012-05-14T20:53:49","date_gmt":"2012-05-14T20:53:49","guid":{"rendered":"http:\/\/skupstinazp.ba\/?p=606"},"modified":"2012-05-14T20:53:49","modified_gmt":"2012-05-14T20:53:49","slug":"sastanak-s-federalnim-ministrom-obrazovanja-i-nauke","status":"publish","type":"post","link":"https:\/\/skupstinazp.ba\/new\/sastanak-s-federalnim-ministrom-obrazovanja-i-nauke\/","title":{"rendered":"Sastanak s Federalnim Ministrom obrazovanja i nauke"},"content":{"rendered":"<p><a href=\"http:\/\/skupstinazp.ba\/wp-content\/uploads\/2012\/05\/Picture-322.jpg\"><img loading=\"lazy\" decoding=\"async\" class=\"aligncenter size-large wp-image-607\" title=\"Picture 322\" src=\"http:\/\/skupstinazp.ba\/wp-content\/uploads\/2012\/05\/Picture-322-1024x768.jpg\" alt=\"\" width=\"584\" height=\"438\" srcset=\"https:\/\/skupstinazp.ba\/new\/wp-content\/uploads\/2012\/05\/Picture-322-1024x768.jpg 1024w, https:\/\/skupstinazp.ba\/new\/wp-content\/uploads\/2012\/05\/Picture-322-300x225.jpg 300w, https:\/\/skupstinazp.ba\/new\/wp-content\/uploads\/2012\/05\/Picture-322-768x576.jpg 768w, https:\/\/skupstinazp.ba\/new\/wp-content\/uploads\/2012\/05\/Picture-322-1536x1152.jpg 1536w, https:\/\/skupstinazp.ba\/new\/wp-content\/uploads\/2012\/05\/Picture-322-2048x1536.jpg 2048w, https:\/\/skupstinazp.ba\/new\/wp-content\/uploads\/2012\/05\/Picture-322-1568x1176.jpg 1568w\" sizes=\"auto, (max-width: 584px) 100vw, 584px\" \/><\/a><\/p>\n<p style=\"text-align: justify;\">SARAJEVO- Sukladno programu rada Skup\u0161tine \u017dupanije Posavske i ostvarivanju suradnje s vi\u0161im razinama vlasti, izaslanstvo Skup\u0161tine \u017dupanije Posavske u sastavu predsjednik i dopredsjednik Skup\u0161tine Mario Jurki\u0107 i Anes Osmanovi\u0107,ministar financija u Vladi \u017dupanije Posavske Mato Bra\u0161ni\u0107 i na\u010delnik op\u0107ine Domaljevac \u2013 \u0160amac \u017deljko Josi\u0107 susrelo se danas \u00a0u \u00a0Sarajevu s Federalnim ministrom obrazovanja i nauke Damirom Ma\u0161i\u0107em.<!--more Pro\u010ditaj vi\u0161e--><br \/>\nTijekom susreta razgovarano je o poticajima u zajedni\u010dkoj suradnji, posebice u\u00a0 projektima i programima u kojima sudjeluje \u00a0ili \u0107e sudjelovati \u00a0resorno ministarstvo. Razgovarano je i o drugim pitanjima iz domena obrazovanja kao i nastavku\u00a0daljnje suradnje ministarstva i organa Skup\u0161tine \u017dupanije Posavske.<\/p>\n<p>&nbsp;<\/p>\n","protected":false},"excerpt":{"rendered":"<p>SARAJEVO- Sukladno programu rada Skup\u0161tine \u017dupanije Posavske i ostvarivanju suradnje s vi\u0161im razinama vlasti, izaslanstvo Skup\u0161tine \u017dupanije Posavske u sastavu predsjednik i dopredsjednik Skup\u0161tine Mario Jurki\u0107 i Anes Osmanovi\u0107,ministar financija u Vladi \u017dupanije Posavske Mato Bra\u0161ni\u0107 i na\u010delnik op\u0107ine Domaljevac \u2013 \u0160amac \u017deljko Josi\u0107 susrelo se danas \u00a0u \u00a0Sarajevu s Federalnim ministrom obrazovanja i nauke &hellip;<br \/><a href=\"https:\/\/skupstinazp.ba\/new\/sastanak-s-federalnim-ministrom-obrazovanja-i-nauke\/\" class=\"more-link pen_button pen_element_default pen_icon_arrow_double\">Nastavite \u010ditati <span class=\"screen-reader-text\">Sastanak s Federalnim Ministrom obrazovanja i nauke<\/span><\/a><\/p>\n","protected":false},"author":2,"featured_media":0,"comment_status":"closed","ping_status":"closed","sticky":false,"template":"","format":"standard","meta":{"footnotes":""},"categories":[2],"tags":[],"class_list":["post-606","post","type-post","status-publish","format-standard","hentry","category-novosti"],"_links":{"self":[{"href":"https:\/\/skupstinazp.ba\/new\/wp-json\/wp\/v2\/posts\/606","targetHints":{"allow":["GET"]}}],"collection":[{"href":"https:\/\/skupstinazp.ba\/new\/wp-json\/wp\/v2\/posts"}],"about":[{"href":"https:\/\/skupstinazp.ba\/new\/wp-json\/wp\/v2\/types\/post"}],"author":[{"embeddable":true,"href":"https:\/\/skupstinazp.ba\/new\/wp-json\/wp\/v2\/users\/2"}],"replies":[{"embeddable":true,"href":"https:\/\/skupstinazp.ba\/new\/wp-json\/wp\/v2\/comments?post=606"}],"version-history":[{"count":0,"href":"https:\/\/skupstinazp.ba\/new\/wp-json\/wp\/v2\/posts\/606\/revisions"}],"wp:attachment":[{"href":"https:\/\/skupstinazp.ba\/new\/wp-json\/wp\/v2\/media?parent=606"}],"wp:term":[{"taxonomy":"category","embeddable":true,"href":"https:\/\/skupstinazp.ba\/new\/wp-json\/wp\/v2\/categories?post=606"},{"taxonomy":"post_tag","embeddable":true,"href":"https:\/\/skupstinazp.ba\/new\/wp-json\/wp\/v2\/tags?post=606"}],"curies":[{"name":"wp","href":"https:\/\/api.w.org\/{rel}","templated":true}]}}