{"id":622,"date":"2012-05-16T08:47:23","date_gmt":"2012-05-16T08:47:23","guid":{"rendered":"http:\/\/skupstinazp.ba\/?p=622"},"modified":"2012-05-16T08:47:23","modified_gmt":"2012-05-16T08:47:23","slug":"razgovor-s-direktorom-agencije-za-vodno-podrucje-rijeke-save","status":"publish","type":"post","link":"https:\/\/skupstinazp.ba\/new\/razgovor-s-direktorom-agencije-za-vodno-podrucje-rijeke-save\/","title":{"rendered":"Razgovor s direktorom Agencije za vodno podru\u010dje rijeke Save"},"content":{"rendered":"<p style=\"text-align: center;\"><a href=\"http:\/\/skupstinazp.ba\/wp-content\/uploads\/2012\/05\/Picture-318.jpg\"><img loading=\"lazy\" decoding=\"async\" class=\"aligncenter  wp-image-623\" title=\"Picture 318\" src=\"http:\/\/skupstinazp.ba\/wp-content\/uploads\/2012\/05\/Picture-318-1024x768.jpg\" alt=\"\" width=\"526\" height=\"394\" srcset=\"https:\/\/skupstinazp.ba\/new\/wp-content\/uploads\/2012\/05\/Picture-318-1024x768.jpg 1024w, https:\/\/skupstinazp.ba\/new\/wp-content\/uploads\/2012\/05\/Picture-318-300x225.jpg 300w, https:\/\/skupstinazp.ba\/new\/wp-content\/uploads\/2012\/05\/Picture-318-768x576.jpg 768w, https:\/\/skupstinazp.ba\/new\/wp-content\/uploads\/2012\/05\/Picture-318-1536x1152.jpg 1536w, https:\/\/skupstinazp.ba\/new\/wp-content\/uploads\/2012\/05\/Picture-318-2048x1536.jpg 2048w, https:\/\/skupstinazp.ba\/new\/wp-content\/uploads\/2012\/05\/Picture-318-1568x1176.jpg 1568w\" sizes=\"auto, (max-width: 526px) 100vw, 526px\" \/><\/a><\/p>\n<p style=\"text-align: justify;\">SARAJEVO-S ciljem upoznavanja izaslanstva Skup\u0161tine \u017dupanije Posavske s planiranim aktivnostima i finansijskim planom Agencije za vodno podru\u010dje rijeke Save u 2012. godini, na inicijativu direktora Agencije Sejada Deli\u0107a, odr\u017ean je radni sastanak na kojem su, pored predsjednika i dopredsjednika Skup\u0161tine Marija Jurki\u0107a i Anesa Osmanovi\u0107a, prisustvovali i ministar financija u Vladi \u017dP Mato Bra\u0161ni\u0107 te na\u010delnik op\u0107ine Domaljevac-\u0160amac \u017deljko Josi\u0107.<!--more Vi\u0161e...--><\/p>\n<p style=\"text-align: justify;\">Tijekom ovog susreta razmatrana su pitanja od strate\u0161kog zna\u010daja za vodoprivredu u Federaciji Bosne i Hercegovine, s fokusom na \u017dupaniju Posavsku. Posebna pa\u017enja posve\u0107ena je razmatranju pitanja programa i projekata u kojima sudjeluje Agencija, \u00a0te rje\u0161avanju teku\u0107ih problema oko odr\u017eavanja nasipa kao i \u00a0o mogu\u0107nostima odr\u017eavanja postoje\u0107ih<br \/>\nvodoprivrednih objekata na podru\u010dju triju op\u0107ina u \u017dupaniji Posavskoj.<\/p>\n<p style=\"text-align: justify;\">\n","protected":false},"excerpt":{"rendered":"<p>SARAJEVO-S ciljem upoznavanja izaslanstva Skup\u0161tine \u017dupanije Posavske s planiranim aktivnostima i finansijskim planom Agencije za vodno podru\u010dje rijeke Save u 2012. godini, na inicijativu direktora Agencije Sejada Deli\u0107a, odr\u017ean je radni sastanak na kojem su, pored predsjednika i dopredsjednika Skup\u0161tine Marija Jurki\u0107a i Anesa Osmanovi\u0107a, prisustvovali i ministar financija u Vladi \u017dP Mato Bra\u0161ni\u0107 te &hellip;<br \/><a href=\"https:\/\/skupstinazp.ba\/new\/razgovor-s-direktorom-agencije-za-vodno-podrucje-rijeke-save\/\" class=\"more-link pen_button pen_element_default pen_icon_arrow_double\">Nastavite \u010ditati <span class=\"screen-reader-text\">Razgovor s direktorom Agencije za vodno podru\u010dje rijeke Save<\/span><\/a><\/p>\n","protected":false},"author":2,"featured_media":0,"comment_status":"closed","ping_status":"closed","sticky":false,"template":"","format":"standard","meta":{"footnotes":""},"categories":[2],"tags":[],"class_list":["post-622","post","type-post","status-publish","format-standard","hentry","category-novosti"],"_links":{"self":[{"href":"https:\/\/skupstinazp.ba\/new\/wp-json\/wp\/v2\/posts\/622","targetHints":{"allow":["GET"]}}],"collection":[{"href":"https:\/\/skupstinazp.ba\/new\/wp-json\/wp\/v2\/posts"}],"about":[{"href":"https:\/\/skupstinazp.ba\/new\/wp-json\/wp\/v2\/types\/post"}],"author":[{"embeddable":true,"href":"https:\/\/skupstinazp.ba\/new\/wp-json\/wp\/v2\/users\/2"}],"replies":[{"embeddable":true,"href":"https:\/\/skupstinazp.ba\/new\/wp-json\/wp\/v2\/comments?post=622"}],"version-history":[{"count":0,"href":"https:\/\/skupstinazp.ba\/new\/wp-json\/wp\/v2\/posts\/622\/revisions"}],"wp:attachment":[{"href":"https:\/\/skupstinazp.ba\/new\/wp-json\/wp\/v2\/media?parent=622"}],"wp:term":[{"taxonomy":"category","embeddable":true,"href":"https:\/\/skupstinazp.ba\/new\/wp-json\/wp\/v2\/categories?post=622"},{"taxonomy":"post_tag","embeddable":true,"href":"https:\/\/skupstinazp.ba\/new\/wp-json\/wp\/v2\/tags?post=622"}],"curies":[{"name":"wp","href":"https:\/\/api.w.org\/{rel}","templated":true}]}}