{"id":627,"date":"2012-05-16T21:10:42","date_gmt":"2012-05-16T21:10:42","guid":{"rendered":"http:\/\/skupstinazp.ba\/?p=627"},"modified":"2012-05-16T21:10:42","modified_gmt":"2012-05-16T21:10:42","slug":"most-na-savi-i-10-km-ceste-na-koridoru-vc-do-sredine-2014-godine","status":"publish","type":"post","link":"https:\/\/skupstinazp.ba\/new\/most-na-savi-i-10-km-ceste-na-koridoru-vc-do-sredine-2014-godine\/","title":{"rendered":"Most na Savi i 10 km ceste na koridoru Vc do sredine 2014. godine"},"content":{"rendered":"<p style=\"text-align: center;\"><a href=\"http:\/\/skupstinazp.ba\/wp-content\/uploads\/2012\/05\/dionicasvilajodzak.jpg\"><img loading=\"lazy\" decoding=\"async\" class=\"aligncenter  wp-image-628\" title=\"dionicasvilajodzak\" src=\"http:\/\/skupstinazp.ba\/wp-content\/uploads\/2012\/05\/dionicasvilajodzak.jpg\" alt=\"\" width=\"381\" height=\"360\" srcset=\"https:\/\/skupstinazp.ba\/new\/wp-content\/uploads\/2012\/05\/dionicasvilajodzak.jpg 381w, https:\/\/skupstinazp.ba\/new\/wp-content\/uploads\/2012\/05\/dionicasvilajodzak-300x283.jpg 300w\" sizes=\"auto, (max-width: 381px) 100vw, 381px\" \/><\/a><\/p>\n<p style=\"text-align: justify;\">ORA\u0160JE-Izet Bajramba\u0161i\u0107, pomo\u0107nik ministra komunikacija i transporta, Sektor za transportnu infrastrukturu, pripremu i implementaciju projekata Vije\u0107a ministara BiH posjetio je danas \u017dupaniju Posavsku. <!--more Vi\u0161e...--><br \/>\nS ministrima financija, te poljoprivrede, vodoprivrede i \u0161umarstva \u00a0Vlade \u017dupanije Posavske Matom Bra\u0161ni\u0107em i Matom Brki\u0107em i predsjednikom i dopredsjednikom Skup\u0161tine \u017dupanije Posavske Marijom Jurki\u0107em i Anesom Osmanovi\u0107em razgovarao je o realizaciji projekta Koridora Vc. Bajramba\u0161i\u0107 je kazao kako je \u017dupanija Posavska prva u BiH koja je rije\u0161ila sve probleme vezane za trasu koridora koja prolazi ovim podru\u010djem. Most na rijeci Savi i 10 kilometara ceste trebali bi biti zavr\u0161eni do sredine 2014.g., re\u010deno je na ovome sastanku.<\/p>\n<p><strong><br \/>\n<\/strong><\/p>\n","protected":false},"excerpt":{"rendered":"<p>ORA\u0160JE-Izet Bajramba\u0161i\u0107, pomo\u0107nik ministra komunikacija i transporta, Sektor za transportnu infrastrukturu, pripremu i implementaciju projekata Vije\u0107a ministara BiH posjetio je danas \u017dupaniju Posavsku.<\/p>\n","protected":false},"author":2,"featured_media":0,"comment_status":"closed","ping_status":"closed","sticky":false,"template":"","format":"standard","meta":{"footnotes":""},"categories":[2],"tags":[],"class_list":["post-627","post","type-post","status-publish","format-standard","hentry","category-novosti"],"_links":{"self":[{"href":"https:\/\/skupstinazp.ba\/new\/wp-json\/wp\/v2\/posts\/627","targetHints":{"allow":["GET"]}}],"collection":[{"href":"https:\/\/skupstinazp.ba\/new\/wp-json\/wp\/v2\/posts"}],"about":[{"href":"https:\/\/skupstinazp.ba\/new\/wp-json\/wp\/v2\/types\/post"}],"author":[{"embeddable":true,"href":"https:\/\/skupstinazp.ba\/new\/wp-json\/wp\/v2\/users\/2"}],"replies":[{"embeddable":true,"href":"https:\/\/skupstinazp.ba\/new\/wp-json\/wp\/v2\/comments?post=627"}],"version-history":[{"count":0,"href":"https:\/\/skupstinazp.ba\/new\/wp-json\/wp\/v2\/posts\/627\/revisions"}],"wp:attachment":[{"href":"https:\/\/skupstinazp.ba\/new\/wp-json\/wp\/v2\/media?parent=627"}],"wp:term":[{"taxonomy":"category","embeddable":true,"href":"https:\/\/skupstinazp.ba\/new\/wp-json\/wp\/v2\/categories?post=627"},{"taxonomy":"post_tag","embeddable":true,"href":"https:\/\/skupstinazp.ba\/new\/wp-json\/wp\/v2\/tags?post=627"}],"curies":[{"name":"wp","href":"https:\/\/api.w.org\/{rel}","templated":true}]}}