{"id":633,"date":"2012-05-17T08:16:26","date_gmt":"2012-05-17T08:16:26","guid":{"rendered":"http:\/\/skupstinazp.ba\/?p=633"},"modified":"2012-05-17T08:16:26","modified_gmt":"2012-05-17T08:16:26","slug":"radovi-na-koridoru-vc-kod-odzaka-uskoro-pocinju","status":"publish","type":"post","link":"https:\/\/skupstinazp.ba\/new\/radovi-na-koridoru-vc-kod-odzaka-uskoro-pocinju\/","title":{"rendered":"Radovi na koridoru Vc kod Od\u017eaka uskoro po\u010dinju"},"content":{"rendered":"<p style=\"text-align: justify;\"><a href=\"http:\/\/skupstinazp.ba\/wp-content\/uploads\/2012\/05\/svilaj-autocesta-11.jpg\"><img loading=\"lazy\" decoding=\"async\" class=\"aligncenter  wp-image-641\" title=\"svilaj autocesta (1)\" src=\"http:\/\/skupstinazp.ba\/wp-content\/uploads\/2012\/05\/svilaj-autocesta-11.jpg\" alt=\"\" width=\"576\" height=\"383\" srcset=\"https:\/\/skupstinazp.ba\/new\/wp-content\/uploads\/2012\/05\/svilaj-autocesta-11.jpg 800w, https:\/\/skupstinazp.ba\/new\/wp-content\/uploads\/2012\/05\/svilaj-autocesta-11-300x200.jpg 300w, https:\/\/skupstinazp.ba\/new\/wp-content\/uploads\/2012\/05\/svilaj-autocesta-11-768x512.jpg 768w\" sizes=\"auto, (max-width: 576px) 100vw, 576px\" \/><\/a>ORA\u0160JE \u2013 \u017dupanija Posavska je prva \u017eupanija u BiH koja je sve aktivnosti vezane za pripremu gradnje koridora Vc od Svilaja preko podru\u010dja od\u017ea\u010dke op\u0107ine do ulaska u RS privela kraju. Kazao je to Izet Bajramba\u0161i\u0107 pomo\u0107nik ministra komunikacija i transporta u Sektoru za transportnu infrastrukturu, pripremu i implementaciju projekata, koji je u srijedu, 16. svibnja 2012. godine boravio u radnoj posjeti \u017dupaniji Posavskoj. <!--more Vi\u0161e...--><br \/>\nBajramba\u0161i\u0107 je razgovarao s predsjednikom i dopredjednikom Skup\u0161tine \u017dupanije Posavske prof. Marijom Jurki\u0107em i Anesom Osmanovi\u0107em, te ministima financija Matom Bra\u0161ni\u0107em i poljoprivrede, vodoprivrede i \u0161umarstva Matom Brki\u0107em.<br \/>\nRadovi na koridoru Vc \u0107e zapo\u010deti u lipnju 2012. godine, a bit \u0107e okon\u010dani sredinom 2014. godine. Projektna dokumentacija za gradnju mosta dugog oko 650 metara, \u0161irokog 29 metara, betonsko-\u010deli\u010dne konstrukcije gdje je sama \u010deli\u010dna konstrukcija te\u0161ka oko 5.000 tona je prikupljena i bit \u0107e dostavljena u Zagreb, jer je nositelj projekta gradnje mosta Republika Hrvatska. Sama gradnja mosta iznosit \u0107e oko 22 milijuna Eura, od \u010dega BiH daje pola, a Republika Hrvatska pola, kazao je Bajramba\u0161i\u0107.<br \/>\nPredsjednik Skup\u0161tine \u017dupanije Posavske prof. Jurki\u0107 je izrazio zadovoljstvo \u0161to je objavljena ova iznenadna vijest. \u201eRezultat na\u0161ih nastojanja i stalnih obilazaka drugih podru\u010dja, pa i ministarstava u Sarajevu donijela je prvi veliki rezultat. Dobili smo vijest koju smo dugo \u010dekali. Korodor Vc \u0107e po\u010deti s gradnjom na sjeveru dr\u017eave BiH, onako kako bi to bilo i logi\u010dno. Datume znamo, izvo\u0111a\u010da znamo i znamo kakav \u0107e zna\u010daj cesta koja prolazi podru\u010djem \u017dupanije Posavske, op\u0107ine Od\u017eak imati za gospodarstvo cijele \u017dupanije, a prije svega na podru\u010dje op\u0107ine Od\u017eak\u201c, kazao je Jurki\u0107.<br \/>\nMinistar financija Bra\u0161ni\u0107 je izrazio nadu da \u0107e sami radovi na izgradnji koridora Vc dovesti u bolji polo\u017eaj sve subjekte koji rade na podru\u010dju<br \/>\n\u017dupanije Posavske, od gra\u0111evinske industrije, ugostiteljstva, stanogradnje, stambenog iznajmljivanja. \u201eIzgradnjom auto puta u op\u0107ini Od\u017eak ve\u0107 imamo predvi\u0111enu industrijsku zonu. Ovo je rezultat na\u0161eg rada u \u017dupaniji na pripremi za po\u010detak radova na koridoru Vc. Radili smo tiho, ali smo posao zavr\u0161ili i drago nam je svima \u0161to je jedna ovakva vijest odaslana ba\u0161 iz na\u0161eg prostora\u201c, kazao je ministar Bra\u0161ni\u0107.<\/p>\n","protected":false},"excerpt":{"rendered":"<p>ORA\u0160JE \u2013 \u017dupanija Posavska je prva \u017eupanija u BiH koja je sve aktivnosti vezane za pripremu gradnje koridora Vc od Svilaja preko podru\u010dja od\u017ea\u010dke op\u0107ine do ulaska u RS privela kraju. Kazao je to Izet Bajramba\u0161i\u0107 pomo\u0107nik ministra komunikacija i transporta u Sektoru za transportnu infrastrukturu, pripremu i implementaciju projekata, koji je u srijedu, 16. &hellip;<br \/><a href=\"https:\/\/skupstinazp.ba\/new\/radovi-na-koridoru-vc-kod-odzaka-uskoro-pocinju\/\" class=\"more-link pen_button pen_element_default pen_icon_arrow_double\">Nastavite \u010ditati <span class=\"screen-reader-text\">Radovi na koridoru Vc kod Od\u017eaka uskoro po\u010dinju<\/span><\/a><\/p>\n","protected":false},"author":2,"featured_media":0,"comment_status":"closed","ping_status":"closed","sticky":false,"template":"","format":"standard","meta":{"footnotes":""},"categories":[2],"tags":[],"class_list":["post-633","post","type-post","status-publish","format-standard","hentry","category-novosti"],"_links":{"self":[{"href":"https:\/\/skupstinazp.ba\/new\/wp-json\/wp\/v2\/posts\/633","targetHints":{"allow":["GET"]}}],"collection":[{"href":"https:\/\/skupstinazp.ba\/new\/wp-json\/wp\/v2\/posts"}],"about":[{"href":"https:\/\/skupstinazp.ba\/new\/wp-json\/wp\/v2\/types\/post"}],"author":[{"embeddable":true,"href":"https:\/\/skupstinazp.ba\/new\/wp-json\/wp\/v2\/users\/2"}],"replies":[{"embeddable":true,"href":"https:\/\/skupstinazp.ba\/new\/wp-json\/wp\/v2\/comments?post=633"}],"version-history":[{"count":0,"href":"https:\/\/skupstinazp.ba\/new\/wp-json\/wp\/v2\/posts\/633\/revisions"}],"wp:attachment":[{"href":"https:\/\/skupstinazp.ba\/new\/wp-json\/wp\/v2\/media?parent=633"}],"wp:term":[{"taxonomy":"category","embeddable":true,"href":"https:\/\/skupstinazp.ba\/new\/wp-json\/wp\/v2\/categories?post=633"},{"taxonomy":"post_tag","embeddable":true,"href":"https:\/\/skupstinazp.ba\/new\/wp-json\/wp\/v2\/tags?post=633"}],"curies":[{"name":"wp","href":"https:\/\/api.w.org\/{rel}","templated":true}]}}