{"id":643,"date":"2012-05-24T07:04:12","date_gmt":"2012-05-24T07:04:12","guid":{"rendered":"http:\/\/skupstinazp.ba\/?p=643"},"modified":"2012-05-24T07:04:12","modified_gmt":"2012-05-24T07:04:12","slug":"zakazana-viii-redovita-sjednica-skupstine-zupanije-posavske","status":"publish","type":"post","link":"https:\/\/skupstinazp.ba\/new\/zakazana-viii-redovita-sjednica-skupstine-zupanije-posavske\/","title":{"rendered":"Zakazana VIII. redovita sjednica Skup\u0161tine \u017dupanije Posavske"},"content":{"rendered":"<p style=\"text-align: center;\"><a href=\"http:\/\/skupstinazp.ba\/wp-content\/uploads\/2012\/05\/Zgrada4.jpg\"><img loading=\"lazy\" decoding=\"async\" class=\"aligncenter  wp-image-646\" title=\"Zgrada\" src=\"http:\/\/skupstinazp.ba\/wp-content\/uploads\/2012\/05\/Zgrada4-1024x574.jpg\" alt=\"\" width=\"526\" height=\"294\" \/><\/a><\/p>\n<p>DOMALJEVAC \u2013 zasjedanje VIII. sjednice Skup\u0161tine \u017dupanije Posavske planirano je za <strong>srijedu 30. svibnja \u00a02012. godine<\/strong>\u00a0u dvorani za sjednice Skup\u0161tine \u017dupanije Posavske u Domaljevcu od 11,00 sati. <!--more Vi\u0161e...--><\/p>\n<p>Na Dnevnom redu su slijede\u0107e to\u010dke:<\/p>\n<p>1. Izvje\u0161\u0107e o izvr\u0161enju Prora\u010duna \u017dupanije Posavske za \u00a02011. godinu<\/p>\n<p>2. Izvje\u0161\u0107e o utro\u0161ku teku\u0107ih pri\u010duva Prora\u010duna \u017dupanije Posavske za \u00a0fiskalnu \u00a02011. godinu<\/p>\n<p>3. Izvje\u0161\u0107e o radu \u017dupanijske uprave za inspekcijske poslove za 2011. godinu<\/p>\n<p>4. Program rada\u00a0\u017dupanijske uprave za inspekcijske poslove za 2012. godinu<\/p>\n<p>5. Izvje\u0161\u0107e o radu \u017dupanijske uprave civilne za\u0161tite za 2011. godinu<\/p>\n<p>6. Program rada\u00a0\u017dupanijske uprave civilne za\u0161tite za 2012. godinu<\/p>\n<p>7. Izvje\u0161\u0107e o radu Agencije za privatizaciju u \u017dupaniji Posavskoj za 2011. godinu<\/p>\n<p><strong>\u00a0 \u00a0 \u00a0 \u00a0 \u00a0 \u00a0 \u00a0 \u00a0 \u00a0 \u00a0 \u00a0 \u00a0 \u00a0 \u00a0 \u00a0 \u00a0 \u00a0 \u00a0 \u00a0 \u00a0 \u00a0 \u00a0 \u00a0 \u00a0 \u00a0 \u00a0 \u00a0 \u00a0 \u00a0 \u00a0 \u00a0 \u00a0 \u00a0 \u00a0 \u00a0 \u00a0 \u00a0 \u00a0 \u00a0 \u00a0 \u00a0 \u00a0 \u00a0 \u00a0 \u00a0 \u00a0 \u00a0 \u00a0 \u00a0 <\/strong><\/p>\n<p><strong>\u00a0 \u00a0 \u00a0 \u00a0 \u00a0 \u00a0 \u00a0 \u00a0 \u00a0 \u00a0 \u00a0 \u00a0 \u00a0 \u00a0 \u00a0 \u00a0 \u00a0 \u00a0 \u00a0 \u00a0 \u00a0 \u00a0 \u00a0 \u00a0 \u00a0 \u00a0 \u00a0 \u00a0 \u00a0 \u00a0 \u00a0 \u00a0 \u00a0 \u00a0 \u00a0 \u00a0 \u00a0 \u00a0 \u00a0 \u00a0 \u00a0 \u00a0 \u00a0 \u00a0 \u00a0 \u00a0 \u00a0Stru\u010dna slu\u017eba Skup\u0161tine<\/strong><\/p>\n<p>Materijale za sjednicu mo\u017eete skinuti\u00a0<a href=\"http:\/\/skupstinazp.ba\/wp-content\/uploads\/2012\/05\/MATERIJALI-ZA-VIII-SJEDNICU.zip\">ovdje<\/a>.<\/p>\n","protected":false},"excerpt":{"rendered":"<p>DOMALJEVAC \u2013 zasjedanje VIII. sjednice Skup\u0161tine \u017dupanije Posavske planirano je za srijedu 30. svibnja \u00a02012. godine\u00a0u dvorani za sjednice Skup\u0161tine \u017dupanije Posavske u Domaljevcu od 11,00 sati.<\/p>\n","protected":false},"author":2,"featured_media":0,"comment_status":"closed","ping_status":"closed","sticky":false,"template":"","format":"standard","meta":{"footnotes":""},"categories":[2],"tags":[],"class_list":["post-643","post","type-post","status-publish","format-standard","hentry","category-novosti"],"_links":{"self":[{"href":"https:\/\/skupstinazp.ba\/new\/wp-json\/wp\/v2\/posts\/643","targetHints":{"allow":["GET"]}}],"collection":[{"href":"https:\/\/skupstinazp.ba\/new\/wp-json\/wp\/v2\/posts"}],"about":[{"href":"https:\/\/skupstinazp.ba\/new\/wp-json\/wp\/v2\/types\/post"}],"author":[{"embeddable":true,"href":"https:\/\/skupstinazp.ba\/new\/wp-json\/wp\/v2\/users\/2"}],"replies":[{"embeddable":true,"href":"https:\/\/skupstinazp.ba\/new\/wp-json\/wp\/v2\/comments?post=643"}],"version-history":[{"count":0,"href":"https:\/\/skupstinazp.ba\/new\/wp-json\/wp\/v2\/posts\/643\/revisions"}],"wp:attachment":[{"href":"https:\/\/skupstinazp.ba\/new\/wp-json\/wp\/v2\/media?parent=643"}],"wp:term":[{"taxonomy":"category","embeddable":true,"href":"https:\/\/skupstinazp.ba\/new\/wp-json\/wp\/v2\/categories?post=643"},{"taxonomy":"post_tag","embeddable":true,"href":"https:\/\/skupstinazp.ba\/new\/wp-json\/wp\/v2\/tags?post=643"}],"curies":[{"name":"wp","href":"https:\/\/api.w.org\/{rel}","templated":true}]}}