{"id":674,"date":"2012-05-28T08:05:37","date_gmt":"2012-05-28T08:05:37","guid":{"rendered":"http:\/\/skupstinazp.ba\/?p=674"},"modified":"2012-05-28T08:05:37","modified_gmt":"2012-05-28T08:05:37","slug":"federalni-ministar-obrazovanja-i-nauke-u-posjeti-zupaniji-posavskoj","status":"publish","type":"post","link":"https:\/\/skupstinazp.ba\/new\/federalni-ministar-obrazovanja-i-nauke-u-posjeti-zupaniji-posavskoj\/","title":{"rendered":"Federalni ministar obrazovanja i nauke u posjeti \u017dupaniji Posavskoj"},"content":{"rendered":"<p style=\"text-align: center;\"><a href=\"http:\/\/skupstinazp.ba\/wp-content\/uploads\/2012\/05\/Zgrada5.jpg\"><img loading=\"lazy\" decoding=\"async\" class=\"aligncenter  wp-image-675\" title=\"Zgrada\" src=\"http:\/\/skupstinazp.ba\/wp-content\/uploads\/2012\/05\/Zgrada5-1024x574.jpg\" alt=\"\" width=\"526\" height=\"294\" \/><\/a><\/p>\n<p style=\"text-align: justify;\">Federalni ministar obrazovanja i nauke Damir Ma\u0161i\u0107 posjetit \u0107e u ponedjeljak, 28.05.2012.godine \u017dupaniju Posavsku. <!--more Vi\u0161e...--><br \/>\nPrilikom prve slu\u017ebene posjete ovoj \u017eupaniji ministar Ma\u0161i\u0107 \u0107e se u 12,30 sati sastati s ministrom prosvjete, znanosti, kulture i sporta \u017dupanije Posavske Ivom Jelu\u0161i\u0107em u\u00a0 prostorijama Ministarstva u Ora\u0161ju. Za 14,00 sati u Domaljevcu, u prostorijama Skup\u0161tine \u017dupanije Posavske, predvi\u0111en je sastanak s predsjednikom i dopredsjednikom Skup\u0161tine \u017dupanije Posavske Marijom Jurki\u0107em i Anesom Osmanovi\u0107em, te ministrom financija u Vladi \u017dupanije posavske Matom Bra\u0161ni\u0107em i na\u010delnikom op\u0107ine Domaljevac-\u0160amac \u017deljkom Josi\u0107em. Na sastancima sa predstavnicima zakonodavne i izvr\u0161ene vlasti ove \u017dupanije bit \u0107e razmatrana pitanja od prioritetnog zna\u010daja za obrazovanje u Federaciji Bosne i Hercegovine, s fokusom na \u017dupaniji Posavskoj. Posebna pozornost bit \u0107e posve\u0107ena i razmatranju pitanja nabavke besplatnih ud\u017ebenika za u\u010denike prvih razreda osnovnih \u0161kola, programima pobolj\u0161anja uvjeta rada odgojno-obrazovnih ustanova te unapre\u0111enju saradnje u oblasti obrazovanja.<\/p>\n","protected":false},"excerpt":{"rendered":"<p>Federalni ministar obrazovanja i nauke Damir Ma\u0161i\u0107 posjetit \u0107e u ponedjeljak, 28.05.2012.godine \u017dupaniju Posavsku.<\/p>\n","protected":false},"author":2,"featured_media":0,"comment_status":"closed","ping_status":"closed","sticky":false,"template":"","format":"standard","meta":{"footnotes":""},"categories":[2],"tags":[],"class_list":["post-674","post","type-post","status-publish","format-standard","hentry","category-novosti"],"_links":{"self":[{"href":"https:\/\/skupstinazp.ba\/new\/wp-json\/wp\/v2\/posts\/674","targetHints":{"allow":["GET"]}}],"collection":[{"href":"https:\/\/skupstinazp.ba\/new\/wp-json\/wp\/v2\/posts"}],"about":[{"href":"https:\/\/skupstinazp.ba\/new\/wp-json\/wp\/v2\/types\/post"}],"author":[{"embeddable":true,"href":"https:\/\/skupstinazp.ba\/new\/wp-json\/wp\/v2\/users\/2"}],"replies":[{"embeddable":true,"href":"https:\/\/skupstinazp.ba\/new\/wp-json\/wp\/v2\/comments?post=674"}],"version-history":[{"count":0,"href":"https:\/\/skupstinazp.ba\/new\/wp-json\/wp\/v2\/posts\/674\/revisions"}],"wp:attachment":[{"href":"https:\/\/skupstinazp.ba\/new\/wp-json\/wp\/v2\/media?parent=674"}],"wp:term":[{"taxonomy":"category","embeddable":true,"href":"https:\/\/skupstinazp.ba\/new\/wp-json\/wp\/v2\/categories?post=674"},{"taxonomy":"post_tag","embeddable":true,"href":"https:\/\/skupstinazp.ba\/new\/wp-json\/wp\/v2\/tags?post=674"}],"curies":[{"name":"wp","href":"https:\/\/api.w.org\/{rel}","templated":true}]}}