{"id":697,"date":"2012-06-06T07:20:31","date_gmt":"2012-06-06T07:20:31","guid":{"rendered":"http:\/\/skupstinazp.ba\/?p=697"},"modified":"2012-06-06T07:20:31","modified_gmt":"2012-06-06T07:20:31","slug":"odrzana-viii-sjednica-skupstine-zp","status":"publish","type":"post","link":"https:\/\/skupstinazp.ba\/new\/odrzana-viii-sjednica-skupstine-zp\/","title":{"rendered":"Odr\u017eana VIII. sjednica Skup\u0161tine \u017dP"},"content":{"rendered":"<p style=\"text-align: center;\"><a href=\"http:\/\/skupstinazp.ba\/wp-content\/uploads\/2012\/05\/Zgrada4.jpg\"><img loading=\"lazy\" decoding=\"async\" class=\"aligncenter  wp-image-646\" src=\"http:\/\/skupstinazp.ba\/wp-content\/uploads\/2012\/05\/Zgrada4.jpg\" alt=\"\" width=\"500\" height=\"350\" \/><\/a><\/p>\n<p>DOMALJEVAC \u2013 30.05.2012 odr\u017eana je VIII. sjednica Skup\u0161tine \u017dupanije Posavske. <!--more Pro\u010ditajte vi\u0161e --> Na dnevnom redu VIII sjednice Skup\u0161tine \u017dupanije Posavske na\u0161le su se ove to\u010dke dnevnog reda:<\/p>\n<ol>\n<li>Izvje\u0161\u0107e o izvr\u0161enju Prora\u010duna \u017dupanije Posavske za \u00a02011. godinu<\/li>\n<li>Izvje\u0161\u0107e o utro\u0161ku teku\u0107ih pri\u010duva Prora\u010duna \u017dupanije Posavske za \u00a0fiskalnu \u00a02011. godinu<\/li>\n<li>Izvje\u0161\u0107e o radu \u017dupanijske uprave za inspekcijske poslove za 2011. godinu<\/li>\n<li>Program rada\u00a0\u017dupanijske uprave za inspekcijske poslove za 2012. godinu<\/li>\n<li>Izvje\u0161\u0107e o radu \u017dupanijske uprave civilne za\u0161tite za 2011. godinu<\/li>\n<li>Program rada\u00a0\u017dupanijske uprave civilne za\u0161tite za 2012. godinu<\/li>\n<li>Izvje\u0161\u0107e o radu Agencije za privatizaciju u \u017dupaniji Posavskoj za 2011. godinu<\/li>\n<li>Odluka u ostvarivanju prava zastupnika na radni odnos u Skup\u0161tini \u017dupanije Posavske<\/li>\n<\/ol>\n<p>Sam uvod u sjednicu Skup\u0161tine \u017dupanije Posavske, otvaranje, usvajanje skra\u0107enog zaspisnika i zastupni\u010dka pitanja potrajao je 21&#8217;15&#8221;. Bilo je polemi\u010dnih tonova na osmu to\u010dku dnevnog reda, ali je u kona\u010dnici Dnevni red VIII sjednice Skup\u0161tine \u017dupanije Posavske prihva\u0107en sa 16 glasova \u201eza\u201c, i po 2 glasa \u201eprotiv\u201c i \u201esudr\u017eani\u201c.<\/p>\n<p>Prva to\u010dka dnevnog reda, Izvje\u0161\u0107e o izvr\u0161enju Prora\u010duna \u017dupanije Posavske za \u00a02011. godinu izazvala je brojne komentare, posebice zastupnika oporbe. Trajanje ove to\u010dke uvjetovano diskusijama bilo je sat i 34 minute. Izvje\u0161\u0107e o izvr\u0161enju Prora\u010duna \u017dupanije Posavske za \u00a02011. godinu je usvojeno sa 17 glasova \u201eza\u201c i 3 \u201eprotiv\u201c. Zastupnici su prihvatili sa 12 glasova \u201eza\u201c, 2 \u201eprotiv\u201c i 5 \u201esudr\u017eanih zaklju\u010dak da se popuni mjesto nedostaju\u0107eg ministra u Vladi \u017dupanije Posavske i da se nastave razgovor s vi\u0161im razinama vlasti.<\/p>\n<p>Druga to\u010dka dnevnog reda, Skup\u0161tine Izvje\u0161\u0107e o utro\u0161ku teku\u0107ih pri\u010duva Prora\u010duna \u017dupanije Posavske za \u00a0fiskalnu \u00a02011. godinu trajala je 29 minuta. Glasovima 15 zastupnika \u201eza\u201c i 3 \u201eprotiv\u201c, Izvje\u0161\u0107e o utro\u0161ku teku\u0107ih pri\u010duva Prora\u010duna \u017dupanije Posavske za \u00a0fiskalnu \u00a02011. godinu je usvojeno.<\/p>\n<p>Tre\u0107a to\u010dka dnevnog reda, Izvje\u0161\u0107e o radu \u017dupanijske uprave za inspekcijske poslove za 2011. godinu, potrajala je sat i 19 minuta, a okon\u010dana je prihva\u0107enajem Izvje\u0161\u0107a s 15 glasova \u201eza\u201c, 1 \u201eprotiv\u201c i 1 \u201esuzdr\u017eanim\u201c.<\/p>\n<p>\u010cetvrta to\u010dka dnevnog reda, Program rada\u00a0\u017dupanijske uprave za inspekcijske poslove za 2012. godinu dobio je skup\u0161tinsku ve\u0107inu od 12 glasova \u201eza\u201c i 1 \u201esuzdr\u017eanim\u201c glasom za rekordnih 3 minute i 53 sekunde.<\/p>\n<p>I peta je to\u010dka dnevnog reda, Izvje\u0161\u0107e o radu \u017dupanijske uprave civilne za\u0161tite za 2011. godinu,<br \/>\npotrajala kratko, 9 minuta i 40 sekundi. Usvojena je voljom 16 zastupnika koji su glasovali \u201eza\u201c i 2 zastupnika koji su glasovali \u201eprotiv\u201c.<\/p>\n<p>17 minuta i 21 sekunda bila je potrebna za okon\u010danje \u0161este to\u010dke dnevnog reda, Program rada\u00a0\u017dupanijske uprave civilne za\u0161tite za 2012. godinu. 15 glasova je bilo \u201eza\u201c, a po 1 glas je bio \u201eprotiv\u201c i \u201esuzdr\u017ean\u201c.<\/p>\n<p>Sedma to\u010dka dnevnog reda, Izvje\u0161\u0107e o radu Agencije za privatizaciju u \u017dupaniji Posavskoj za 2011. godinu, usvojeno je za 56 minuta s 11 glasova \u201eza\u201c, 3 \u201eprotiv\u201c i 4 \u201esuzdr\u017eana\u201c glasa.<\/p>\n<p>Obvezuju se \u010dlanovi Vlade \u017dupanije Posavske da sukladno Dnevnom redu i to\u010dkama dnevnog reda budu nazo\u010dni po svojim nadle\u017enostima, zaklju\u010dak je koji je usvojen od strane 17 zastupnika koji su glasovali \u201eza\u201c zaklju\u010dak, te jednog \u201esudr\u017eanog\u201c glasa.<\/p>\n<p>Osma to\u010dka dnevnog reda, Odluka u ostvarivanju prava zastupnika na radni odnos u Skup\u0161tini \u017dupanije Posavske dobila je 12 glasova \u201eza\u201c, 1 \u201eprotiv\u201c i 4 \u201esuzdr\u017eana\u201c glasa. Ukupno je zaprimljeno devet (9) zahtjeva za ostvarivanje praba na radni odnos u Skup\u0161tini \u017dupanije Posavske.<\/p>\n<p>Ukupno vrijeme trajanja VIII sjednice Skup\u0161tine \u017dupanije Posavske, bez skup\u0161tinskih stanki je bilo 5 sati, 51 minuta i 16 sekundi.<\/p>\n<p>Uvod i dnevni red<\/p>\n<p>[soundcloud]http:\/\/soundcloud.com\/skupstina-zp-ba\/zapisnik-zastupnicka-pitanja-i[\/soundcloud]<\/p>\n<p>&nbsp;<\/p>\n<p>1. to\u010dka<\/p>\n<p>[soundcloud]http:\/\/soundcloud.com\/skupstina-zp-ba\/prva-tocka-izvrsenje-proracuna[\/soundcloud]<\/p>\n<p>&nbsp;<\/p>\n<p>2. to\u010dka<\/p>\n<p>[soundcloud]http:\/\/soundcloud.com\/fifi-llaa\/druga-tocka-utrosak-pricuva[\/soundcloud]<\/p>\n<p>&nbsp;<\/p>\n<p>3. to\u010dka<\/p>\n<p>[soundcloud]http:\/\/soundcloud.com\/fifi-llaa\/treca-tocka-inspekcija[\/soundcloud]<\/p>\n<p>&nbsp;<\/p>\n<p>4. to\u010dka<\/p>\n<p>[soundcloud]http:\/\/soundcloud.com\/skupstina-zp-ba\/cetvrta-tocka-inspekcija[\/soundcloud]<\/p>\n<p>&nbsp;<\/p>\n<p>5. to\u010dka<\/p>\n<p>[soundcloud]http:\/\/soundcloud.com\/fifi-llaa\/peta-tocka-cz-izvjesce-o-radu[\/soundcloud]<\/p>\n<p>&nbsp;<\/p>\n<p>6. to\u010dka<\/p>\n<p>[soundcloud]http:\/\/soundcloud.com\/skupstinayp-ba\/sesta-tocka-cz-program-rada[\/soundcloud]<\/p>\n<p>&nbsp;<\/p>\n<p>7. to\u010dka<\/p>\n<p>[soundcloud]http:\/\/soundcloud.com\/skupstinayp-ba\/sedma-tocka-agencija-za[\/soundcloud]<\/p>\n<p>&nbsp;<\/p>\n<p>8. to\u010dka<\/p>\n<p>[soundcloud]http:\/\/soundcloud.com\/skupstinayp-ba\/osma-tocka-profesionalizacija[\/soundcloud]<\/p>\n","protected":false},"excerpt":{"rendered":"<p>DOMALJEVAC \u2013 30.05.2012 odr\u017eana je VIII. sjednica Skup\u0161tine \u017dupanije Posavske.<\/p>\n","protected":false},"author":2,"featured_media":0,"comment_status":"closed","ping_status":"closed","sticky":false,"template":"","format":"standard","meta":{"footnotes":""},"categories":[3],"tags":[57,60,68,71,86],"class_list":["post-697","post","type-post","status-publish","format-standard","hentry","category-obavijesti","tag-posavina-2","tag-posavske","tag-sjednica","tag-skupstina","tag-zupanija"],"_links":{"self":[{"href":"https:\/\/skupstinazp.ba\/new\/wp-json\/wp\/v2\/posts\/697","targetHints":{"allow":["GET"]}}],"collection":[{"href":"https:\/\/skupstinazp.ba\/new\/wp-json\/wp\/v2\/posts"}],"about":[{"href":"https:\/\/skupstinazp.ba\/new\/wp-json\/wp\/v2\/types\/post"}],"author":[{"embeddable":true,"href":"https:\/\/skupstinazp.ba\/new\/wp-json\/wp\/v2\/users\/2"}],"replies":[{"embeddable":true,"href":"https:\/\/skupstinazp.ba\/new\/wp-json\/wp\/v2\/comments?post=697"}],"version-history":[{"count":0,"href":"https:\/\/skupstinazp.ba\/new\/wp-json\/wp\/v2\/posts\/697\/revisions"}],"wp:attachment":[{"href":"https:\/\/skupstinazp.ba\/new\/wp-json\/wp\/v2\/media?parent=697"}],"wp:term":[{"taxonomy":"category","embeddable":true,"href":"https:\/\/skupstinazp.ba\/new\/wp-json\/wp\/v2\/categories?post=697"},{"taxonomy":"post_tag","embeddable":true,"href":"https:\/\/skupstinazp.ba\/new\/wp-json\/wp\/v2\/tags?post=697"}],"curies":[{"name":"wp","href":"https:\/\/api.w.org\/{rel}","templated":true}]}}