{"id":708,"date":"2012-06-15T08:20:04","date_gmt":"2012-06-15T08:20:04","guid":{"rendered":"http:\/\/skupstinazp.ba\/?p=708"},"modified":"2012-06-15T08:20:04","modified_gmt":"2012-06-15T08:20:04","slug":"sastanak-s-ministrom-sigurnosti-u-vijecu-ministara-bih","status":"publish","type":"post","link":"https:\/\/skupstinazp.ba\/new\/sastanak-s-ministrom-sigurnosti-u-vijecu-ministara-bih\/","title":{"rendered":"Sastanak s ministrom sigurnosti u Vije\u0107u ministara BiH"},"content":{"rendered":"<p style=\"text-align: center;\">\u00a0<a href=\"http:\/\/skupstinazp.ba\/wp-content\/uploads\/2012\/06\/fotografija.jpg\"><img loading=\"lazy\" decoding=\"async\" class=\"aligncenter  wp-image-709\" title=\"fotografija\" src=\"http:\/\/skupstinazp.ba\/wp-content\/uploads\/2012\/06\/fotografija.jpg\" alt=\"\" width=\"448\" height=\"336\" srcset=\"https:\/\/skupstinazp.ba\/new\/wp-content\/uploads\/2012\/06\/fotografija.jpg 640w, https:\/\/skupstinazp.ba\/new\/wp-content\/uploads\/2012\/06\/fotografija-300x225.jpg 300w\" sizes=\"auto, (max-width: 448px) 100vw, 448px\" \/><\/a><\/p>\n<p><span style=\"text-align: justify;\">Predsjednik i dopredsjednik Skup\u0161tine \u017dupanije Posavske prof. Mario Jurki\u0107 i Anes Osmanovi\u0107 i ministar unutarnjih poslova u Vladi \u017dupanije Posavske Ilija Bernatovi\u0107 posjetili su ju\u010der ministra sigurnosti u Vije\u0107u ministara BiH Sadika Ahmetovi\u0107a.<\/span><\/p>\n<p style=\"text-align: justify;\"><!--moreVi\u0161e...--><br \/>\n<span style=\"text-align: justify;\">Razgovaralo se o aktualnoj problematici iz oblasti sigurnosti dr\u017eavnih granica i pograni\u010dnog podru\u010dja .\u00a0<\/span><span style=\"text-align: justify;\">Odnosi se to na pitanje ilegalnih prijelaza preko dr\u017eavne granice, ali i suradnje institucija vlasti s grani\u010dnim slu\u017ebama i samim ministarstvom sigurnosti.\u00a0<\/span><span style=\"text-align: justify;\"> Posebno je dotaknuto pitanje \u0161trajka upozorenja grani\u010dnih policajaca i mogu\u0107nost prerastanja tog \u0161trajka u generalni \u0161trajk. Ministar Ahmetovi\u0107 je izrazio nadu da se to ne\u0107e dogoditi, jer po\u010dinje turisti\u010dka sezona i to bi nanijelo \u0161tete dr\u017eavi BiH, a posebice rubnim podru\u010djima. Obe\u0107ao je da \u0107e posjetiti \u017dupaniju Posavsku, \u010dim za to bude vremena, a u slu\u010daju generalnog \u0161trajka policije svakako \u0107e imati u planu posjetiti podru\u010dja na kojima su zna\u010dajni grani\u010dni prijelazi.<\/span><\/p>\n","protected":false},"excerpt":{"rendered":"<p>\u00a0 Predsjednik i dopredsjednik Skup\u0161tine \u017dupanije Posavske prof. Mario Jurki\u0107 i Anes Osmanovi\u0107 i ministar unutarnjih poslova u Vladi \u017dupanije Posavske Ilija Bernatovi\u0107 posjetili su ju\u010der ministra sigurnosti u Vije\u0107u ministara BiH Sadika Ahmetovi\u0107a.<\/p>\n","protected":false},"author":2,"featured_media":0,"comment_status":"closed","ping_status":"closed","sticky":false,"template":"","format":"standard","meta":{"footnotes":""},"categories":[2],"tags":[],"class_list":["post-708","post","type-post","status-publish","format-standard","hentry","category-novosti"],"_links":{"self":[{"href":"https:\/\/skupstinazp.ba\/new\/wp-json\/wp\/v2\/posts\/708","targetHints":{"allow":["GET"]}}],"collection":[{"href":"https:\/\/skupstinazp.ba\/new\/wp-json\/wp\/v2\/posts"}],"about":[{"href":"https:\/\/skupstinazp.ba\/new\/wp-json\/wp\/v2\/types\/post"}],"author":[{"embeddable":true,"href":"https:\/\/skupstinazp.ba\/new\/wp-json\/wp\/v2\/users\/2"}],"replies":[{"embeddable":true,"href":"https:\/\/skupstinazp.ba\/new\/wp-json\/wp\/v2\/comments?post=708"}],"version-history":[{"count":0,"href":"https:\/\/skupstinazp.ba\/new\/wp-json\/wp\/v2\/posts\/708\/revisions"}],"wp:attachment":[{"href":"https:\/\/skupstinazp.ba\/new\/wp-json\/wp\/v2\/media?parent=708"}],"wp:term":[{"taxonomy":"category","embeddable":true,"href":"https:\/\/skupstinazp.ba\/new\/wp-json\/wp\/v2\/categories?post=708"},{"taxonomy":"post_tag","embeddable":true,"href":"https:\/\/skupstinazp.ba\/new\/wp-json\/wp\/v2\/tags?post=708"}],"curies":[{"name":"wp","href":"https:\/\/api.w.org\/{rel}","templated":true}]}}